{"id":16127,"date":"2025-10-02T02:40:50","date_gmt":"2025-10-02T02:40:50","guid":{"rendered":"https:\/\/infozamoraec.com\/?p=16127"},"modified":"2025-10-02T02:40:50","modified_gmt":"2025-10-02T02:40:50","slug":"movimiento-indigena-en-imbabura-se-fragmenta-dos-grupos-no-quieren-tregua-con-el-gobierno","status":"publish","type":"post","link":"https:\/\/infozamoraec.com\/index.php\/2025\/10\/02\/movimiento-indigena-en-imbabura-se-fragmenta-dos-grupos-no-quieren-tregua-con-el-gobierno\/","title":{"rendered":"Movimiento ind\u00edgena en Imbabura se fragmenta: dos grupos no quieren tregua con el Gobierno"},"content":{"rendered":"<p>El movimiento ind\u00edgena empieza a fraccionarse por puntos de vista diferentes con relaci\u00f3n a las movilizaciones en contra de la eliminaci\u00f3n del subsidio al di\u00e9sel.<\/p>\n<p>La evidencia se da gracias a un comunicado de la organizaci\u00f3n el Pueblo Kiwcha Karanki desconoce la autoridad del presidente de la Federaci\u00f3n de los Pueblos Kichwa de la Sierra Norte del Ecuador (Chijallta Fici), Mes\u00edas Flores.<\/p>\n<p>Esto choca con el comunicado de la Federaci\u00f3n de los pueblos Kichwa que declar\u00f3 una \u00abtregua temporal\u00bb a sus acciones de movilizaci\u00f3n como un gesto de buena fe y voluntad de di\u00e1logo con el Gobierno Nacional.<\/p>\n<p>Esta delcaraci\u00f3n levant\u00f3 molestias al Pueblo Kichwa Karanki porque \u00abatenta a las sagradas demandas por las cuales nos encontramos en resistencia y queda totalmente prohibido que se tome el nombre del Pueblo Kichwa Karanki\u00bb. Considera que el pronunciamiento es \u00abpersonal y arbitrario\u00bb del presidente de Chijallta Fici.<\/p>\n<p>De otro lado, el Pueblo Kiwcha Karanki aclar\u00f3 que la lucha no es de la provincia de Imbabura, sino de todos los ecuatorianos. Por eso, \u00abrechazamos que el Gobierno Nacional pretenda minimizar la lucha de los pueblos\u00bb y atac\u00f3 la decisi\u00f3n de la federaci\u00f3n y desconocieron a su presidente. (I)<\/p>\n","protected":false},"excerpt":{"rendered":"<p>El movimiento ind\u00edgena empieza a fraccionarse por puntos de vista diferentes con relaci\u00f3n a las movilizaciones en contra de la eliminaci\u00f3n del subsidio al di\u00e9sel. La evidencia se da gracias a un comunicado de la organizaci\u00f3n el Pueblo Kiwcha Karanki desconoce la autoridad del presidente de la Federaci\u00f3n de los Pueblos Kichwa de la Sierra [&hellip;]<\/p>\n","protected":false},"author":1,"featured_media":16128,"comment_status":"open","ping_status":"open","sticky":false,"template":"","format":"standard","meta":{"footnotes":""},"categories":[12],"tags":[],"_links":{"self":[{"href":"https:\/\/infozamoraec.com\/index.php\/wp-json\/wp\/v2\/posts\/16127"}],"collection":[{"href":"https:\/\/infozamoraec.com\/index.php\/wp-json\/wp\/v2\/posts"}],"about":[{"href":"https:\/\/infozamoraec.com\/index.php\/wp-json\/wp\/v2\/types\/post"}],"author":[{"embeddable":true,"href":"https:\/\/infozamoraec.com\/index.php\/wp-json\/wp\/v2\/users\/1"}],"replies":[{"embeddable":true,"href":"https:\/\/infozamoraec.com\/index.php\/wp-json\/wp\/v2\/comments?post=16127"}],"version-history":[{"count":1,"href":"https:\/\/infozamoraec.com\/index.php\/wp-json\/wp\/v2\/posts\/16127\/revisions"}],"predecessor-version":[{"id":16129,"href":"https:\/\/infozamoraec.com\/index.php\/wp-json\/wp\/v2\/posts\/16127\/revisions\/16129"}],"wp:featuredmedia":[{"embeddable":true,"href":"https:\/\/infozamoraec.com\/index.php\/wp-json\/wp\/v2\/media\/16128"}],"wp:attachment":[{"href":"https:\/\/infozamoraec.com\/index.php\/wp-json\/wp\/v2\/media?parent=16127"}],"wp:term":[{"taxonomy":"category","embeddable":true,"href":"https:\/\/infozamoraec.com\/index.php\/wp-json\/wp\/v2\/categories?post=16127"},{"taxonomy":"post_tag","embeddable":true,"href":"https:\/\/infozamoraec.com\/index.php\/wp-json\/wp\/v2\/tags?post=16127"}],"curies":[{"name":"wp","href":"https:\/\/api.w.org\/{rel}","templated":true}]}}