{"id":16124,"date":"2025-10-02T02:39:12","date_gmt":"2025-10-02T02:39:12","guid":{"rendered":"https:\/\/infozamoraec.com\/?p=16124"},"modified":"2025-10-02T02:39:12","modified_gmt":"2025-10-02T02:39:12","slug":"daniel-noboa-dice-que-hay-un-crecimiento-del-10-en-ventas-y-del-166-en-exportaciones","status":"publish","type":"post","link":"https:\/\/infozamoraec.com\/index.php\/2025\/10\/02\/daniel-noboa-dice-que-hay-un-crecimiento-del-10-en-ventas-y-del-166-en-exportaciones\/","title":{"rendered":"Daniel Noboa dice que hay un crecimiento del 10% en ventas y del 16,6% en exportaciones"},"content":{"rendered":"<p>Que en septiembre hubo un crecimiento del 10% en ventas totales y un crecimiento del 16,6% en exportaciones, en comparaci\u00f3n con el mismo mes del a\u00f1o pasado, inform\u00f3 el presidente Daniel Noboa, al cumplirse el d\u00e9cimo d\u00eda del paro nacional de la Confederaci\u00f3n de Nacionalidades Ind\u00edgenas del Ecuador (Conaie), en contra de la eliminaci\u00f3n del subsidio al di\u00e9sel.<\/p>\n<p>La noche de este mi\u00e9rcoles, 1 de octubre de 2025, en su cuenta en la red social X, el mandatario expuso los indicadores del crecimiento de varios sectores como:<\/p>\n<p>Construcci\u00f3n +27,2%<\/p>\n<p>Comercio +13,4%<\/p>\n<p>Producci\u00f3n petrolera +14,7%<\/p>\n<p>Turismo +8,9%<\/p>\n<p>Agricultura +7,3%<\/p>\n<p>\u201cAlgunos trataron de parar a los ecuatorianos\u2026 no pudieron\u00bb, escribi\u00f3 el mandatario.<\/p>\n<p>Asimismo, Noboa detall\u00f3 que las exportaciones petroleras tienen un crecimiento de 29,1% y las no petroleras del 13,9%.<\/p>\n<p>El presidente de la Rep\u00fablica tambi\u00e9n resalt\u00f3 que \u201cla dolarizaci\u00f3n est\u00e1 m\u00e1s fuerte que nunca\u201d, pues las reservas internacionales ascendieron a $ 8.602 millones, que representan $ 433 millones m\u00e1s que hace un mes.<\/p>\n<p>En cuanto a los dep\u00f3sitos bancarios, Noboa afirm\u00f3 que estos tambi\u00e9n siguen subiendo de la siguiente manera:<\/p>\n<p>\u201c$ 57.372 millones hasta agosto de 2025, eso es 15,8% m\u00e1s que el a\u00f1o pasado. Son $ 7.811 millones m\u00e1s en comparaci\u00f3n con agosto de 2024. Lo que se traduce a: m\u00e1s plata, ahorro e inversi\u00f3n\u201d.<\/p>\n<p>Por otro lado, sobre los indicadores de empleo, el jefe de Estado precis\u00f3 que la tasa de empleo bruto en agosto se ubic\u00f3 en 64,2%, con una tendencia al crecimiento.<\/p>\n<p>\u201cTodo esto a pesar de que el consumo de di\u00e9sel cay\u00f3 15,9% a nivel nacional por contrabando. Una vez m\u00e1s, dato mata relato\u201d, agreg\u00f3 Noboa.<\/p>\n<p>En resumen, finaliz\u00f3 el mandatario, \u201cla econom\u00eda est\u00e1 saludable, y el Ecuador apunta a seguir creciendo\u201d.<\/p>\n<p>Aunque, en los diez d\u00edas de paro nacional productores de leche, papa y flores han reportado p\u00e9rdidas millonarias por el bloqueo de v\u00edas y las manifestaciones en provincias de la Sierra ecuatoriana.<\/p>\n<p>Nelson Cano, presidente de la C\u00e1mara de Comercio de Tulc\u00e1n, por ejemplo, evidenci\u00f3 que diariamente se pierden entre $ 1 mill\u00f3n y $ 1,5 millones debido al represamiento de la productividad, transporte y otras actividades econ\u00f3micas.<\/p>\n<p>Por su parte, Gabriel Espinosa, presidente de la Asociaci\u00f3n de Ganaderos de la Sierra y el Oriente (AGSO), evidenci\u00f3 que el sector ganadero estima p\u00e9rdidas de alrededor de medio mill\u00f3n d\u00f3lares, por la p\u00e9rdida de casi dos millones de litros de leche en las provincias de Carchi, Imbabura y Pichincha, que no han podido llegar a centros de acopio. (I)<\/p>\n","protected":false},"excerpt":{"rendered":"<p>Que en septiembre hubo un crecimiento del 10% en ventas totales y un crecimiento del 16,6% en exportaciones, en comparaci\u00f3n con el mismo mes del a\u00f1o pasado, inform\u00f3 el presidente Daniel Noboa, al cumplirse el d\u00e9cimo d\u00eda del paro nacional de la Confederaci\u00f3n de Nacionalidades Ind\u00edgenas del Ecuador (Conaie), en contra de la eliminaci\u00f3n del [&hellip;]<\/p>\n","protected":false},"author":1,"featured_media":16125,"comment_status":"open","ping_status":"open","sticky":false,"template":"","format":"standard","meta":{"footnotes":""},"categories":[12],"tags":[],"_links":{"self":[{"href":"https:\/\/infozamoraec.com\/index.php\/wp-json\/wp\/v2\/posts\/16124"}],"collection":[{"href":"https:\/\/infozamoraec.com\/index.php\/wp-json\/wp\/v2\/posts"}],"about":[{"href":"https:\/\/infozamoraec.com\/index.php\/wp-json\/wp\/v2\/types\/post"}],"author":[{"embeddable":true,"href":"https:\/\/infozamoraec.com\/index.php\/wp-json\/wp\/v2\/users\/1"}],"replies":[{"embeddable":true,"href":"https:\/\/infozamoraec.com\/index.php\/wp-json\/wp\/v2\/comments?post=16124"}],"version-history":[{"count":1,"href":"https:\/\/infozamoraec.com\/index.php\/wp-json\/wp\/v2\/posts\/16124\/revisions"}],"predecessor-version":[{"id":16126,"href":"https:\/\/infozamoraec.com\/index.php\/wp-json\/wp\/v2\/posts\/16124\/revisions\/16126"}],"wp:featuredmedia":[{"embeddable":true,"href":"https:\/\/infozamoraec.com\/index.php\/wp-json\/wp\/v2\/media\/16125"}],"wp:attachment":[{"href":"https:\/\/infozamoraec.com\/index.php\/wp-json\/wp\/v2\/media?parent=16124"}],"wp:term":[{"taxonomy":"category","embeddable":true,"href":"https:\/\/infozamoraec.com\/index.php\/wp-json\/wp\/v2\/categories?post=16124"},{"taxonomy":"post_tag","embeddable":true,"href":"https:\/\/infozamoraec.com\/index.php\/wp-json\/wp\/v2\/tags?post=16124"}],"curies":[{"name":"wp","href":"https:\/\/api.w.org\/{rel}","templated":true}]}}