{"id":16118,"date":"2025-10-02T02:35:36","date_gmt":"2025-10-02T02:35:36","guid":{"rendered":"https:\/\/infozamoraec.com\/?p=16118"},"modified":"2025-10-02T02:35:36","modified_gmt":"2025-10-02T02:35:36","slug":"el-69-de-ecuatorianos-rechazan-el-paro-segun-cedatos","status":"publish","type":"post","link":"https:\/\/infozamoraec.com\/index.php\/2025\/10\/02\/el-69-de-ecuatorianos-rechazan-el-paro-segun-cedatos\/","title":{"rendered":"El 69% de ecuatorianos rechazan el paro seg\u00fan Cedatos"},"content":{"rendered":"<p>Seg\u00fan revel\u00f3 la encuestadora Cedatos la mayor\u00eda de ecuatorianos no est\u00e1 de acuerdo con las movilizaciones convocadas por grupos sociales debido a la eliminaci\u00f3n del subsidio al di\u00e9sel. El 69,1% de ciudadanos manifestaron que no respalda las movilizaciones ni participar\u00e1 en ellas, lo que constituye una \u201cbase social significativa de protesta\u201d ante los llamados de los grupos sociales, dice la encuesta.<\/p>\n<p>El an\u00e1lisis fue hecho en 34 ciudades y parroquias del Ecuador, en \u00e1reas urbanas y rurales de todas las regiones del pa\u00eds. Adem\u00e1s, cuenta con una muestra nacional de 3.400 entrevistas cara a cara en hogares.<\/p>\n<p>Al ser preguntados sobre su postura frente a las movilizaciones convocadas por la Confederaci\u00f3n de Nacionalidades Ind\u00edgenas (Conaie) y otros colectivos sociales, la mayor\u00eda de ecuatorianos expres\u00f3 su desacuerdo con las marchas.<\/p>\n<p>Tan solo el 27% de los ecuatorianos afirm\u00f3 que apoyar\u00e1 las marchas por la subida del precio del di\u00e9sel, que pas\u00f3 de USD 1,80 a 2,80 por gal\u00f3n (3,78 litros).<\/p>\n<p>powered by<br \/>\nLa encuestadora indica, adem\u00e1s, que posee un nivel de confianza del 95% y un margen de error de +\/- 3.2%, para estimaciones nacionales.<\/p>\n<p>La gente fue consultada sobre si est\u00e1 de acuerdo o en desacuerdo con la eliminaci\u00f3n del subsidio al di\u00e9sel, una medida tomada por el presidente Daniel Noboa para reducir el d\u00e9ficit fiscal y redistribuir esos recursos a los que m\u00e1s necesitan, ya que el r\u00e9gimen asegura que grupos criminales se aprovechaban de ese beneficio.<\/p>\n<p>La decisi\u00f3n del Ejecutivo ha dividido a la poblaci\u00f3n ecuatoriana. Seg\u00fan Cedatos, el 50,8% de los ciudadanos rechaza la eliminaci\u00f3n del subsidio, mientras que el 44,6% lo acepta. (I)<\/p>\n","protected":false},"excerpt":{"rendered":"<p>Seg\u00fan revel\u00f3 la encuestadora Cedatos la mayor\u00eda de ecuatorianos no est\u00e1 de acuerdo con las movilizaciones convocadas por grupos sociales debido a la eliminaci\u00f3n del subsidio al di\u00e9sel. El 69,1% de ciudadanos manifestaron que no respalda las movilizaciones ni participar\u00e1 en ellas, lo que constituye una \u201cbase social significativa de protesta\u201d ante los llamados de [&hellip;]<\/p>\n","protected":false},"author":1,"featured_media":16119,"comment_status":"open","ping_status":"open","sticky":false,"template":"","format":"standard","meta":{"footnotes":""},"categories":[12],"tags":[],"_links":{"self":[{"href":"https:\/\/infozamoraec.com\/index.php\/wp-json\/wp\/v2\/posts\/16118"}],"collection":[{"href":"https:\/\/infozamoraec.com\/index.php\/wp-json\/wp\/v2\/posts"}],"about":[{"href":"https:\/\/infozamoraec.com\/index.php\/wp-json\/wp\/v2\/types\/post"}],"author":[{"embeddable":true,"href":"https:\/\/infozamoraec.com\/index.php\/wp-json\/wp\/v2\/users\/1"}],"replies":[{"embeddable":true,"href":"https:\/\/infozamoraec.com\/index.php\/wp-json\/wp\/v2\/comments?post=16118"}],"version-history":[{"count":1,"href":"https:\/\/infozamoraec.com\/index.php\/wp-json\/wp\/v2\/posts\/16118\/revisions"}],"predecessor-version":[{"id":16120,"href":"https:\/\/infozamoraec.com\/index.php\/wp-json\/wp\/v2\/posts\/16118\/revisions\/16120"}],"wp:featuredmedia":[{"embeddable":true,"href":"https:\/\/infozamoraec.com\/index.php\/wp-json\/wp\/v2\/media\/16119"}],"wp:attachment":[{"href":"https:\/\/infozamoraec.com\/index.php\/wp-json\/wp\/v2\/media?parent=16118"}],"wp:term":[{"taxonomy":"category","embeddable":true,"href":"https:\/\/infozamoraec.com\/index.php\/wp-json\/wp\/v2\/categories?post=16118"},{"taxonomy":"post_tag","embeddable":true,"href":"https:\/\/infozamoraec.com\/index.php\/wp-json\/wp\/v2\/tags?post=16118"}],"curies":[{"name":"wp","href":"https:\/\/api.w.org\/{rel}","templated":true}]}}