{"id":16098,"date":"2025-10-01T02:09:52","date_gmt":"2025-10-01T02:09:52","guid":{"rendered":"https:\/\/infozamoraec.com\/?p=16098"},"modified":"2025-10-01T02:09:52","modified_gmt":"2025-10-01T02:09:52","slug":"fiscalia-indaga-fallecimiento-de-persona-durante-protesta-en-cotacachi","status":"publish","type":"post","link":"https:\/\/infozamoraec.com\/index.php\/2025\/10\/01\/fiscalia-indaga-fallecimiento-de-persona-durante-protesta-en-cotacachi\/","title":{"rendered":"Fiscal\u00eda indaga fallecimiento de persona durante protesta en Cotacachi"},"content":{"rendered":"<p>Personal de la Fiscal\u00eda despleg\u00f3 equipos a Imbabura para indagar el presunto fallecimiento de una persona durante las protestas en Cotacachi.<\/p>\n<p>\u201cTras haber conocido sobre el presunto fallecimiento de un ciudadano en Cotacachi, servidores de la Fiscal\u00eda se trasladaron al lugar de los hechos para proceder con el levantamiento del cad\u00e1ver y practicar las diligencias que corresponden\u201d, indic\u00f3 la entidad.<\/p>\n<p>M\u00e1s temprano, comuneros ind\u00edgenas denunciaron el fallecimiento de un ciudadano en el contexto de las protestas por el aumento en el precio del di\u00e9sel.<\/p>\n<p>La persona que muri\u00f3 fue identificada como Efra\u00edn F., casado, con dos hijos (un hombre y una mujer), de la comunidad de Cuicocha. Fue llevado al hospital Asdr\u00fabal de la Torre, de la ciudad de Cotacachi.<\/p>\n<p>Seg\u00fan una entrevista realizada por medios de Imbabura a una persona que presenci\u00f3 lo sucedido, el hecho ocurri\u00f3 en horas de la madrugada.<\/p>\n<p>Relat\u00f3 que pasaron varios veh\u00edculos a las 02:00, pues se estaba abasteciendo de productos hacia El Cajas, en donde se hizo un trasbordo.<\/p>\n<p>Despu\u00e9s, a las 05:30, pasaron hacia Ibarra y lanzaron bombas para dispersar a la gente. Se percat\u00f3 de que un compa\u00f1ero estaba en el suelo, por lo que consigui\u00f3 un carro y fue llevado al hospital de Cotacachi, donde los m\u00e9dicos confirmaron que la persona no ten\u00eda signos vitales.<\/p>\n","protected":false},"excerpt":{"rendered":"<p>Personal de la Fiscal\u00eda despleg\u00f3 equipos a Imbabura para indagar el presunto fallecimiento de una persona durante las protestas en Cotacachi. \u201cTras haber conocido sobre el presunto fallecimiento de un ciudadano en Cotacachi, servidores de la Fiscal\u00eda se trasladaron al lugar de los hechos para proceder con el levantamiento del cad\u00e1ver y practicar las diligencias [&hellip;]<\/p>\n","protected":false},"author":1,"featured_media":16099,"comment_status":"open","ping_status":"open","sticky":false,"template":"","format":"standard","meta":{"footnotes":""},"categories":[12],"tags":[],"_links":{"self":[{"href":"https:\/\/infozamoraec.com\/index.php\/wp-json\/wp\/v2\/posts\/16098"}],"collection":[{"href":"https:\/\/infozamoraec.com\/index.php\/wp-json\/wp\/v2\/posts"}],"about":[{"href":"https:\/\/infozamoraec.com\/index.php\/wp-json\/wp\/v2\/types\/post"}],"author":[{"embeddable":true,"href":"https:\/\/infozamoraec.com\/index.php\/wp-json\/wp\/v2\/users\/1"}],"replies":[{"embeddable":true,"href":"https:\/\/infozamoraec.com\/index.php\/wp-json\/wp\/v2\/comments?post=16098"}],"version-history":[{"count":1,"href":"https:\/\/infozamoraec.com\/index.php\/wp-json\/wp\/v2\/posts\/16098\/revisions"}],"predecessor-version":[{"id":16100,"href":"https:\/\/infozamoraec.com\/index.php\/wp-json\/wp\/v2\/posts\/16098\/revisions\/16100"}],"wp:featuredmedia":[{"embeddable":true,"href":"https:\/\/infozamoraec.com\/index.php\/wp-json\/wp\/v2\/media\/16099"}],"wp:attachment":[{"href":"https:\/\/infozamoraec.com\/index.php\/wp-json\/wp\/v2\/media?parent=16098"}],"wp:term":[{"taxonomy":"category","embeddable":true,"href":"https:\/\/infozamoraec.com\/index.php\/wp-json\/wp\/v2\/categories?post=16098"},{"taxonomy":"post_tag","embeddable":true,"href":"https:\/\/infozamoraec.com\/index.php\/wp-json\/wp\/v2\/tags?post=16098"}],"curies":[{"name":"wp","href":"https:\/\/api.w.org\/{rel}","templated":true}]}}