{"id":16089,"date":"2025-10-01T01:56:33","date_gmt":"2025-10-01T01:56:33","guid":{"rendered":"https:\/\/infozamoraec.com\/?p=16089"},"modified":"2025-10-01T01:57:03","modified_gmt":"2025-10-01T01:57:03","slug":"policias-dispersan-a-manifestantes-con-gas-lacrimogeno-tras-planton-en-la-universidad-central-en-contra-del-gobierno","status":"publish","type":"post","link":"https:\/\/infozamoraec.com\/index.php\/2025\/10\/01\/policias-dispersan-a-manifestantes-con-gas-lacrimogeno-tras-planton-en-la-universidad-central-en-contra-del-gobierno\/","title":{"rendered":"Polic\u00edas dispersan a manifestantes con gas lacrim\u00f3geno, tras plant\u00f3n en la Universidad Central en contra del Gobierno"},"content":{"rendered":"<p>Un plant\u00f3n de estudiantes y artistas que se realiz\u00f3 la tarde de este martes, 30 de septiembre de 2025, en los exteriores de la Universidad Central del Ecuador (UCE), termin\u00f3 con la intervenci\u00f3n de la Polic\u00eda Nacional, que dispers\u00f3 a los asistentes con bombas lacrim\u00f3genas.<\/p>\n<p>Pasadas las 15:00, en medio de la lluvia, los manifestantes se congregaron en la Plaza Indoam\u00e9rica, en el centro-norte de Quito, con pancartas y consignas en contra de las pol\u00edticas del Gobierno y en respaldo al paro nacional de la Confederaci\u00f3n de Nacionalidades Ind\u00edgenas del Ecuador (Conaie), que cumple su octavo d\u00eda, en rechazo a la eliminaci\u00f3n del subsidio al di\u00e9sel.<\/p>\n<p>Minutos despu\u00e9s, los estudiantes cerraron la avenida Am\u00e9rica, con llantas quemadas. All\u00ed condenaron la muerte de Efra\u00edn Fuerez, en Cotacachi, y exigieron la liberaci\u00f3n de los doce comuneros detenidos en Otavalo, en la provincia de Imbabura, epicentro de las protestas.<\/p>\n<p>\u201c\u00a1Imbabura aguanta, que Quito se levanta!\u201c coreaban los j\u00f3venes.<\/p>\n<p>M\u00e1s de 500 personas permanecieron sobre la v\u00eda con consignas y cantos con instrumentos, cuando un contingente policial se acerc\u00f3 al lugar y los manifestantes los hicieron retroceder.<\/p>\n<p>Posteriormente, mientras los manifestantes emit\u00edan consignas contra los gendarmes, estos dispersaron a la multitud con gases lacrim\u00f3genos, ante lo cual los estudiantes se refugiaron en el interior de la Universidad Central. Cerca de las 19:00, la Polic\u00eda retom\u00f3 el orden y el tr\u00e1nsito vehicular fue habilitado en la avenida Am\u00e9rica.<\/p>\n<p>En tanto que, seg\u00fan las transmisiones de medios digitales, algunos periodistas tambi\u00e9n fueron afectados por los gases lacrim\u00f3genos de la Polic\u00eda. (I)<\/p>\n","protected":false},"excerpt":{"rendered":"<p>Un plant\u00f3n de estudiantes y artistas que se realiz\u00f3 la tarde de este martes, 30 de septiembre de 2025, en los exteriores de la Universidad Central del Ecuador (UCE), termin\u00f3 con la intervenci\u00f3n de la Polic\u00eda Nacional, que dispers\u00f3 a los asistentes con bombas lacrim\u00f3genas. Pasadas las 15:00, en medio de la lluvia, los manifestantes [&hellip;]<\/p>\n","protected":false},"author":1,"featured_media":16093,"comment_status":"open","ping_status":"open","sticky":false,"template":"","format":"standard","meta":{"footnotes":""},"categories":[12],"tags":[],"_links":{"self":[{"href":"https:\/\/infozamoraec.com\/index.php\/wp-json\/wp\/v2\/posts\/16089"}],"collection":[{"href":"https:\/\/infozamoraec.com\/index.php\/wp-json\/wp\/v2\/posts"}],"about":[{"href":"https:\/\/infozamoraec.com\/index.php\/wp-json\/wp\/v2\/types\/post"}],"author":[{"embeddable":true,"href":"https:\/\/infozamoraec.com\/index.php\/wp-json\/wp\/v2\/users\/1"}],"replies":[{"embeddable":true,"href":"https:\/\/infozamoraec.com\/index.php\/wp-json\/wp\/v2\/comments?post=16089"}],"version-history":[{"count":1,"href":"https:\/\/infozamoraec.com\/index.php\/wp-json\/wp\/v2\/posts\/16089\/revisions"}],"predecessor-version":[{"id":16094,"href":"https:\/\/infozamoraec.com\/index.php\/wp-json\/wp\/v2\/posts\/16089\/revisions\/16094"}],"wp:featuredmedia":[{"embeddable":true,"href":"https:\/\/infozamoraec.com\/index.php\/wp-json\/wp\/v2\/media\/16093"}],"wp:attachment":[{"href":"https:\/\/infozamoraec.com\/index.php\/wp-json\/wp\/v2\/media?parent=16089"}],"wp:term":[{"taxonomy":"category","embeddable":true,"href":"https:\/\/infozamoraec.com\/index.php\/wp-json\/wp\/v2\/categories?post=16089"},{"taxonomy":"post_tag","embeddable":true,"href":"https:\/\/infozamoraec.com\/index.php\/wp-json\/wp\/v2\/tags?post=16089"}],"curies":[{"name":"wp","href":"https:\/\/api.w.org\/{rel}","templated":true}]}}