{"id":16077,"date":"2025-10-01T01:46:04","date_gmt":"2025-10-01T01:46:04","guid":{"rendered":"https:\/\/infozamoraec.com\/?p=16077"},"modified":"2025-10-01T01:46:04","modified_gmt":"2025-10-01T01:46:04","slug":"correismo-apoya-el-paro-de-la-conaie-y-ofrece-ayudas-a-los-manifestantes","status":"publish","type":"post","link":"https:\/\/infozamoraec.com\/index.php\/2025\/10\/01\/correismo-apoya-el-paro-de-la-conaie-y-ofrece-ayudas-a-los-manifestantes\/","title":{"rendered":"Corre\u00edsmo apoya el paro de la Conaie y ofrece ayudas a los manifestantes"},"content":{"rendered":"<p>Desde Quito, la presidenta del corre\u00edsmo, Luisa Gonz\u00e1lez, ofreci\u00f3 abogados, alimentaci\u00f3n y todo el apoyo a los manifestantes que est\u00e1n en el paro. Y al presidente Daniel Noboa lo ret\u00f3 a que la persiga a ella y no a sus militantes, porque ella es quien da las directrices.<\/p>\n<p>En rueda de prensa, la tarde de este martes 30 de septiembre de 2025, octavo d\u00eda de protestas, la presidenta de la RC anunci\u00f3 el apoyo a las protestas en contra de las medidas del Gobierno de Daniel Noboa.<\/p>\n<p>\u00abLa postura de la Revoluci\u00f3n Ciudadana, y soy responsable con mis palabras como presidenta de esta organizaci\u00f3n, es decirles a todos nuestros hermanos que est\u00e1n protestando en las calles, todo el apoyo de la Revoluci\u00f3n Ciudadana: si requieren abogados, aqu\u00ed estamos; si requieren alimentaci\u00f3n, aqu\u00ed estamos, y lo que se requiera, estaremos con ustedes en la lucha pac\u00edfica del pueblo. Si se requiere que salga la militancia de la Revoluci\u00f3n Ciudadana, saldr\u00e1\u00bb, dijo Gonz\u00e1lez.<\/p>\n<p>Gonz\u00e1lez, as\u00ed mismo, exhort\u00f3 al Ejecutivo a sentarse a dialogar con el movimiento ind\u00edgena en una reuni\u00f3n que se prev\u00e9 para las 16:00 de este 30 de septiembre, seg\u00fan confirm\u00f3 el alcalde de Ibarra, \u00c1lvaro Castillo.<\/p>\n<p>powered by<br \/>\n\u201cPedirle al se\u00f1or Noboa que as\u00ed como ordena a sus ministros que se re\u00fanan con l\u00edderes de bandas delictivas, en una \u2018salita\u2019 bien acomodados, se siente ante el llamado que han hecho las autoridades del COE provincial de Imbabura\u201d, dijo la l\u00edder del movimiento corre\u00edsta.<\/p>\n<p>\u201cY tambi\u00e9n decirle al se\u00f1or Daniel Noboa: aqu\u00ed est\u00e1 Luisa Gonz\u00e1lez, yo soy la presidenta de esta organizaci\u00f3n. Quiere perseguir a alguien, no persiga a mis compa\u00f1eros, aqu\u00ed estoy yo para representarlos, para hablar por ellos y para hacerle frente. Quiere venir por alguien, aqu\u00ed le espero, no le tengo miedo, usted es el que se esconde, el que no sale, el que no da la cara (\u2026) y mientras yo est\u00e9 al frente de la presidencia de la Revoluci\u00f3n Ciudadana, ni tibiezas ni pactos\u201d, sentenci\u00f3 Luisa. (I)<\/p>\n","protected":false},"excerpt":{"rendered":"<p>Desde Quito, la presidenta del corre\u00edsmo, Luisa Gonz\u00e1lez, ofreci\u00f3 abogados, alimentaci\u00f3n y todo el apoyo a los manifestantes que est\u00e1n en el paro. Y al presidente Daniel Noboa lo ret\u00f3 a que la persiga a ella y no a sus militantes, porque ella es quien da las directrices. En rueda de prensa, la tarde de [&hellip;]<\/p>\n","protected":false},"author":1,"featured_media":16080,"comment_status":"open","ping_status":"open","sticky":false,"template":"","format":"standard","meta":{"footnotes":""},"categories":[12],"tags":[],"_links":{"self":[{"href":"https:\/\/infozamoraec.com\/index.php\/wp-json\/wp\/v2\/posts\/16077"}],"collection":[{"href":"https:\/\/infozamoraec.com\/index.php\/wp-json\/wp\/v2\/posts"}],"about":[{"href":"https:\/\/infozamoraec.com\/index.php\/wp-json\/wp\/v2\/types\/post"}],"author":[{"embeddable":true,"href":"https:\/\/infozamoraec.com\/index.php\/wp-json\/wp\/v2\/users\/1"}],"replies":[{"embeddable":true,"href":"https:\/\/infozamoraec.com\/index.php\/wp-json\/wp\/v2\/comments?post=16077"}],"version-history":[{"count":1,"href":"https:\/\/infozamoraec.com\/index.php\/wp-json\/wp\/v2\/posts\/16077\/revisions"}],"predecessor-version":[{"id":16081,"href":"https:\/\/infozamoraec.com\/index.php\/wp-json\/wp\/v2\/posts\/16077\/revisions\/16081"}],"wp:featuredmedia":[{"embeddable":true,"href":"https:\/\/infozamoraec.com\/index.php\/wp-json\/wp\/v2\/media\/16080"}],"wp:attachment":[{"href":"https:\/\/infozamoraec.com\/index.php\/wp-json\/wp\/v2\/media?parent=16077"}],"wp:term":[{"taxonomy":"category","embeddable":true,"href":"https:\/\/infozamoraec.com\/index.php\/wp-json\/wp\/v2\/categories?post=16077"},{"taxonomy":"post_tag","embeddable":true,"href":"https:\/\/infozamoraec.com\/index.php\/wp-json\/wp\/v2\/tags?post=16077"}],"curies":[{"name":"wp","href":"https:\/\/api.w.org\/{rel}","templated":true}]}}