{"id":16063,"date":"2025-10-01T01:44:26","date_gmt":"2025-10-01T01:44:26","guid":{"rendered":"https:\/\/infozamoraec.com\/?p=16063"},"modified":"2025-10-01T01:44:26","modified_gmt":"2025-10-01T01:44:26","slug":"aquiles-no-ira-a-prision-tribunal-niega-peticion-de-fiscalia","status":"publish","type":"post","link":"https:\/\/infozamoraec.com\/index.php\/2025\/10\/01\/aquiles-no-ira-a-prision-tribunal-niega-peticion-de-fiscalia\/","title":{"rendered":"Aquiles no ir\u00e1 a prisi\u00f3n; tribunal niega petici\u00f3n de Fiscal\u00eda"},"content":{"rendered":"<p>El alcalde de\u00a0Guayaquil,\u00a0Aquiles \u00c1lvarez, investigado por el\u00a0caso \u2018Triple A\u2019\u00a0en donde es se\u00f1alado por tr\u00e1fico de combustibles, no ir\u00e1 a prisi\u00f3n. La justicia rechaz\u00f3 el pedido de la\u00a0Fiscal\u00eda General del Estado\u00a0(FGE), que solicitaba revisar las medidas cautelares en su contra luego de que el funcionario no se presentara ante las autoridades el pasado 1 de septiembre.<\/p>\n<p>Un tribunal de la Unidad Judicial Especializada para el Juzgamiento de Delitos de Corrupci\u00f3n y Crimen Organizado, con sede en Quito, determin\u00f3 que no hay riesgo de fuga del alcalde.<\/p>\n<p>\u00e1lvarez reaccion\u00f3 en su cuenta de X: \u00abSeguiremos trabajando a pesar de esta burda persecuci\u00f3n. Seguimos trabajando por Guayaquil que sigue siendo incre\u00edblemente independiente. Nada detiene a Guayaquil\u00bb, expres\u00f3.<\/p>\n","protected":false},"excerpt":{"rendered":"<p>El alcalde de\u00a0Guayaquil,\u00a0Aquiles \u00c1lvarez, investigado por el\u00a0caso \u2018Triple A\u2019\u00a0en donde es se\u00f1alado por tr\u00e1fico de combustibles, no ir\u00e1 a prisi\u00f3n. La justicia rechaz\u00f3 el pedido de la\u00a0Fiscal\u00eda General del Estado\u00a0(FGE), que solicitaba revisar las medidas cautelares en su contra luego de que el funcionario no se presentara ante las autoridades el pasado 1 de septiembre. [&hellip;]<\/p>\n","protected":false},"author":1,"featured_media":16078,"comment_status":"open","ping_status":"open","sticky":false,"template":"","format":"standard","meta":{"footnotes":""},"categories":[12],"tags":[],"_links":{"self":[{"href":"https:\/\/infozamoraec.com\/index.php\/wp-json\/wp\/v2\/posts\/16063"}],"collection":[{"href":"https:\/\/infozamoraec.com\/index.php\/wp-json\/wp\/v2\/posts"}],"about":[{"href":"https:\/\/infozamoraec.com\/index.php\/wp-json\/wp\/v2\/types\/post"}],"author":[{"embeddable":true,"href":"https:\/\/infozamoraec.com\/index.php\/wp-json\/wp\/v2\/users\/1"}],"replies":[{"embeddable":true,"href":"https:\/\/infozamoraec.com\/index.php\/wp-json\/wp\/v2\/comments?post=16063"}],"version-history":[{"count":1,"href":"https:\/\/infozamoraec.com\/index.php\/wp-json\/wp\/v2\/posts\/16063\/revisions"}],"predecessor-version":[{"id":16079,"href":"https:\/\/infozamoraec.com\/index.php\/wp-json\/wp\/v2\/posts\/16063\/revisions\/16079"}],"wp:featuredmedia":[{"embeddable":true,"href":"https:\/\/infozamoraec.com\/index.php\/wp-json\/wp\/v2\/media\/16078"}],"wp:attachment":[{"href":"https:\/\/infozamoraec.com\/index.php\/wp-json\/wp\/v2\/media?parent=16063"}],"wp:term":[{"taxonomy":"category","embeddable":true,"href":"https:\/\/infozamoraec.com\/index.php\/wp-json\/wp\/v2\/categories?post=16063"},{"taxonomy":"post_tag","embeddable":true,"href":"https:\/\/infozamoraec.com\/index.php\/wp-json\/wp\/v2\/tags?post=16063"}],"curies":[{"name":"wp","href":"https:\/\/api.w.org\/{rel}","templated":true}]}}