{"id":16053,"date":"2025-09-30T02:28:30","date_gmt":"2025-09-30T02:28:30","guid":{"rendered":"https:\/\/infozamoraec.com\/?p=16053"},"modified":"2025-09-30T02:28:30","modified_gmt":"2025-09-30T02:28:30","slug":"madagascar-el-presidente-disuelve-el-gobierno-tras-protestas-en-las-que-murieron-22-personas","status":"publish","type":"post","link":"https:\/\/infozamoraec.com\/index.php\/2025\/09\/30\/madagascar-el-presidente-disuelve-el-gobierno-tras-protestas-en-las-que-murieron-22-personas\/","title":{"rendered":"Madagascar: El presidente disuelve el Gobierno tras protestas en las que murieron 22 personas"},"content":{"rendered":"<p>El presidente de Madagascar, Andry Rajoelina, anunci\u00f3 este lunes en que disolver\u00e1 su Gobierno tras las protestas que estallaron el pasado 25 de septiembre en el pa\u00eds contra los frecuentes cortes de electricidad y agua y que, seg\u00fan inform\u00f3 la ONU, han causado al menos 22 muertos y m\u00e1s de un centenar de heridos.<\/p>\n<p>\u00abHe decidido poner fin a las funciones del primer ministro y del Gobierno. A la espera de la formaci\u00f3n del nuevo Gobierno, los que ocupan el cargo actuar\u00e1n como ministros interinos\u00bb, dijo Rajoelina en un discurso televisado.<\/p>\n<p>Rajoelina ya hab\u00eda destituido el pasado s\u00e1bado al ministro de Energ\u00eda e Hidrocarburos, Olivier Jean Baptiste, al considerar que hab\u00eda incumplido sus funciones por retrasar las medidas para aumentar la producci\u00f3n el\u00e9ctrica.<\/p>\n<p>Poco antes, el alto comisionado de la ONU para los derechos humanos, Volker T\u00fcrk, hab\u00eda emitido un comunicado en el que cifraba en 22 el n\u00famero de personas fallecidas en las protestas desatadas en Antananarivo, la capital, y en otras ciudades de Madagascar.<\/p>\n<p>Entre las v\u00edctimas, seg\u00fan confirm\u00f3 T\u00fcrk, hay manifestantes y transe\u00fantes abatidos por las fuerzas de seguridad, pero tambi\u00e9n personas fallecidas en la violencia y los saqueos posteriores perpetrados por individuos y bandas no vinculados a las marchas.<\/p>\n<p>Las protestas en la capital, reprimidas con gases lacrim\u00f3genos y balas de goma por la Polic\u00eda malgache, llevaron a las autoridades a decretar el jueves un toque de queda desde el anochecer al amanecer.<\/p>\n<p>Los organizadores, muchos de ellos de la llamada generaci\u00f3n Z, insistieron en que la protesta era pac\u00edfica y atribuyeron los disturbios a \u00abgrupos externos\u00bb.<\/p>\n<p>Pese a la represi\u00f3n, este lunes continuaron las manifestaciones en una universidad de Antananarivo, donde cientos de j\u00f3venes levantaron pancartas, cantaron el himno nacional e intentaron marchar por la ciudad, seg\u00fan im\u00e1genes difundidas por medios locales.<\/p>\n<p>\u00abEstoy conmocionado y entristecido por las muertes y los heridos en las protestas por los cortes de agua y electricidad en Madagascar\u00bb, declar\u00f3 T\u00fcrk, quien inst\u00f3 a las autoridades a \u00abgarantizar el respeto a la libertad de expresi\u00f3n y de reuni\u00f3n pac\u00edfica, de conformidad con sus obligaciones en virtud del derecho internacional de los derechos humanos\u00bb. EFE (I)<\/p>\n","protected":false},"excerpt":{"rendered":"<p>El presidente de Madagascar, Andry Rajoelina, anunci\u00f3 este lunes en que disolver\u00e1 su Gobierno tras las protestas que estallaron el pasado 25 de septiembre en el pa\u00eds contra los frecuentes cortes de electricidad y agua y que, seg\u00fan inform\u00f3 la ONU, han causado al menos 22 muertos y m\u00e1s de un centenar de heridos. \u00abHe [&hellip;]<\/p>\n","protected":false},"author":1,"featured_media":16054,"comment_status":"open","ping_status":"open","sticky":false,"template":"","format":"standard","meta":{"footnotes":""},"categories":[8],"tags":[],"_links":{"self":[{"href":"https:\/\/infozamoraec.com\/index.php\/wp-json\/wp\/v2\/posts\/16053"}],"collection":[{"href":"https:\/\/infozamoraec.com\/index.php\/wp-json\/wp\/v2\/posts"}],"about":[{"href":"https:\/\/infozamoraec.com\/index.php\/wp-json\/wp\/v2\/types\/post"}],"author":[{"embeddable":true,"href":"https:\/\/infozamoraec.com\/index.php\/wp-json\/wp\/v2\/users\/1"}],"replies":[{"embeddable":true,"href":"https:\/\/infozamoraec.com\/index.php\/wp-json\/wp\/v2\/comments?post=16053"}],"version-history":[{"count":1,"href":"https:\/\/infozamoraec.com\/index.php\/wp-json\/wp\/v2\/posts\/16053\/revisions"}],"predecessor-version":[{"id":16055,"href":"https:\/\/infozamoraec.com\/index.php\/wp-json\/wp\/v2\/posts\/16053\/revisions\/16055"}],"wp:featuredmedia":[{"embeddable":true,"href":"https:\/\/infozamoraec.com\/index.php\/wp-json\/wp\/v2\/media\/16054"}],"wp:attachment":[{"href":"https:\/\/infozamoraec.com\/index.php\/wp-json\/wp\/v2\/media?parent=16053"}],"wp:term":[{"taxonomy":"category","embeddable":true,"href":"https:\/\/infozamoraec.com\/index.php\/wp-json\/wp\/v2\/categories?post=16053"},{"taxonomy":"post_tag","embeddable":true,"href":"https:\/\/infozamoraec.com\/index.php\/wp-json\/wp\/v2\/tags?post=16053"}],"curies":[{"name":"wp","href":"https:\/\/api.w.org\/{rel}","templated":true}]}}