{"id":16039,"date":"2025-09-30T02:20:33","date_gmt":"2025-09-30T02:20:33","guid":{"rendered":"https:\/\/infozamoraec.com\/?p=16039"},"modified":"2025-09-30T02:20:33","modified_gmt":"2025-09-30T02:20:33","slug":"onu-pide-dialogo-urgente-en-ecuador-tras-la-muerte-de-un-manifestante-en-protestas","status":"publish","type":"post","link":"https:\/\/infozamoraec.com\/index.php\/2025\/09\/30\/onu-pide-dialogo-urgente-en-ecuador-tras-la-muerte-de-un-manifestante-en-protestas\/","title":{"rendered":"ONU pide di\u00e1logo urgente en Ecuador tras la muerte de un manifestante en protestas"},"content":{"rendered":"<p data-start=\"260\" data-end=\"666\">La Oficina del Alto Comisionado de las Naciones Unidas para los Derechos Humanos en Am\u00e9rica del Sur exhort\u00f3 este lunes 29 de septiembre al Gobierno de Ecuador y a las organizaciones sociales e ind\u00edgenas a entablar un \u201cdi\u00e1logo urgente\u201d tras la muerte de un manifestante en el marco de las protestas contra la eliminaci\u00f3n del subsidio al di\u00e9sel, medida decretada por el presidente Daniel Noboa.<\/p>\n<p data-start=\"668\" data-end=\"927\">En un comunicado, el representante regional de la ONU, Jan Jarab, expres\u00f3: \u201cInstamos al Gobierno ecuatoriano y a las organizaciones sociales e ind\u00edgenas a iniciar un di\u00e1logo urgente, a fin de evitar una escalada de la conflictividad y encontrar soluciones\u201d.<\/p>\n<p data-start=\"929\" data-end=\"1304\">La Oficina lament\u00f3 el fallecimiento de Efra\u00edn Fuerez, comunero de la nacionalidad kichwa, ocurrido el domingo en Cotacachi, Imbabura, epicentro de las manifestaciones. La Confederaci\u00f3n de Nacionalidades Ind\u00edgenas del Ecuador (Conaie), convocante de las protestas, calific\u00f3 el hecho como un \u201ccrimen de Estado\u201d y denunci\u00f3 que Fuerez muri\u00f3 por disparos de las Fuerzas Armadas.<\/p>\n<h3 data-start=\"1306\" data-end=\"1342\">Piden investigaci\u00f3n exhaustiva<\/h3>\n<p data-start=\"1343\" data-end=\"1644\">Jarab enfatiz\u00f3 que el Estado tiene la obligaci\u00f3n de investigar esta muerte \u201cde forma exhaustiva y transparente\u201d, garantizando acceso a la justicia para la familia y comunidad del fallecido. Tambi\u00e9n pidi\u00f3 esclarecer los reportes sobre personas heridas durante las protestas, entre ellas 12 militares.<\/p>\n<p data-start=\"1646\" data-end=\"1866\">La Oficina record\u00f3 que el Estado es responsable de las acciones y omisiones de sus fuerzas del orden y debe investigar \u201cde manera eficaz, imparcial y oportuna\u201d posibles violaciones de derechos humanos en este contexto.<\/p>\n<p data-start=\"1868\" data-end=\"2114\">Finalmente, Jarab advirti\u00f3 que \u201clas fuerzas militares no son entrenadas para enfrentar situaciones de conflictividad social o seguridad p\u00fablica\u201d, se\u00f1alando que su actual despliegue \u201crepresenta un riesgo real de violaciones de derechos humanos\u201d.<\/p>\n","protected":false},"excerpt":{"rendered":"<p>La Oficina del Alto Comisionado de las Naciones Unidas para los Derechos Humanos en Am\u00e9rica del Sur exhort\u00f3 este lunes 29 de septiembre al Gobierno de Ecuador y a las organizaciones sociales e ind\u00edgenas a entablar un \u201cdi\u00e1logo urgente\u201d tras la muerte de un manifestante en el marco de las protestas contra la eliminaci\u00f3n del [&hellip;]<\/p>\n","protected":false},"author":1,"featured_media":16040,"comment_status":"open","ping_status":"open","sticky":false,"template":"","format":"standard","meta":{"footnotes":""},"categories":[12],"tags":[],"_links":{"self":[{"href":"https:\/\/infozamoraec.com\/index.php\/wp-json\/wp\/v2\/posts\/16039"}],"collection":[{"href":"https:\/\/infozamoraec.com\/index.php\/wp-json\/wp\/v2\/posts"}],"about":[{"href":"https:\/\/infozamoraec.com\/index.php\/wp-json\/wp\/v2\/types\/post"}],"author":[{"embeddable":true,"href":"https:\/\/infozamoraec.com\/index.php\/wp-json\/wp\/v2\/users\/1"}],"replies":[{"embeddable":true,"href":"https:\/\/infozamoraec.com\/index.php\/wp-json\/wp\/v2\/comments?post=16039"}],"version-history":[{"count":2,"href":"https:\/\/infozamoraec.com\/index.php\/wp-json\/wp\/v2\/posts\/16039\/revisions"}],"predecessor-version":[{"id":16042,"href":"https:\/\/infozamoraec.com\/index.php\/wp-json\/wp\/v2\/posts\/16039\/revisions\/16042"}],"wp:featuredmedia":[{"embeddable":true,"href":"https:\/\/infozamoraec.com\/index.php\/wp-json\/wp\/v2\/media\/16040"}],"wp:attachment":[{"href":"https:\/\/infozamoraec.com\/index.php\/wp-json\/wp\/v2\/media?parent=16039"}],"wp:term":[{"taxonomy":"category","embeddable":true,"href":"https:\/\/infozamoraec.com\/index.php\/wp-json\/wp\/v2\/categories?post=16039"},{"taxonomy":"post_tag","embeddable":true,"href":"https:\/\/infozamoraec.com\/index.php\/wp-json\/wp\/v2\/tags?post=16039"}],"curies":[{"name":"wp","href":"https:\/\/api.w.org\/{rel}","templated":true}]}}