{"id":16033,"date":"2025-09-30T02:13:39","date_gmt":"2025-09-30T02:13:39","guid":{"rendered":"https:\/\/infozamoraec.com\/?p=16033"},"modified":"2025-09-30T02:16:13","modified_gmt":"2025-09-30T02:16:13","slug":"16033","status":"publish","type":"post","link":"https:\/\/infozamoraec.com\/index.php\/2025\/09\/30\/16033\/","title":{"rendered":"Noboa afirma que manifestantes atacaron convoy en el que viajaba"},"content":{"rendered":"<p>El presidente Daniel Noboa, indic\u00f3 en su red social X que iba en un convoy desde Quito hasta Imbabura acompa\u00f1ado por el nuncio apost\u00f3lico, Andr\u00e9s Carrascosa; la embajadora de la Uni\u00f3n Europea, Yekaterina Dor\u00f3dnova y el embajador de Italia, Giovani Davoli.<\/p>\n<p>Las autoridades encabezaron anoche el convoy humanitario con destino a Otavalo, en Imbabura, el cual fue emboscado y atacado con voladores, bombas molotov, palos y piedras de gran tama\u00f1o, pese a que Marlon Vargas, presidente de la Conaie se deslind\u00f3 de esos actos.<\/p>\n<p>El objetivo de la caravana era llevar v\u00edveres, combustibles y asistencia a comunidades afectadas por el desabastecimiento generado por el paro nacional convocado por la Conaie.<\/p>\n<p>En sus redes sociales, el primer mandatario denunci\u00f3 el grave hecho y asever\u00f3 que \u00abEcuador no puede retroceder\u00bb (I)<\/p>\n","protected":false},"excerpt":{"rendered":"<p>El presidente Daniel Noboa, indic\u00f3 en su red social X que iba en un convoy desde Quito hasta Imbabura acompa\u00f1ado por el nuncio apost\u00f3lico, Andr\u00e9s Carrascosa; la embajadora de la Uni\u00f3n Europea, Yekaterina Dor\u00f3dnova y el embajador de Italia, Giovani Davoli. Las autoridades encabezaron anoche el convoy humanitario con destino a Otavalo, en Imbabura, el [&hellip;]<\/p>\n","protected":false},"author":1,"featured_media":16034,"comment_status":"open","ping_status":"open","sticky":false,"template":"","format":"standard","meta":{"footnotes":""},"categories":[12],"tags":[],"_links":{"self":[{"href":"https:\/\/infozamoraec.com\/index.php\/wp-json\/wp\/v2\/posts\/16033"}],"collection":[{"href":"https:\/\/infozamoraec.com\/index.php\/wp-json\/wp\/v2\/posts"}],"about":[{"href":"https:\/\/infozamoraec.com\/index.php\/wp-json\/wp\/v2\/types\/post"}],"author":[{"embeddable":true,"href":"https:\/\/infozamoraec.com\/index.php\/wp-json\/wp\/v2\/users\/1"}],"replies":[{"embeddable":true,"href":"https:\/\/infozamoraec.com\/index.php\/wp-json\/wp\/v2\/comments?post=16033"}],"version-history":[{"count":2,"href":"https:\/\/infozamoraec.com\/index.php\/wp-json\/wp\/v2\/posts\/16033\/revisions"}],"predecessor-version":[{"id":16038,"href":"https:\/\/infozamoraec.com\/index.php\/wp-json\/wp\/v2\/posts\/16033\/revisions\/16038"}],"wp:featuredmedia":[{"embeddable":true,"href":"https:\/\/infozamoraec.com\/index.php\/wp-json\/wp\/v2\/media\/16034"}],"wp:attachment":[{"href":"https:\/\/infozamoraec.com\/index.php\/wp-json\/wp\/v2\/media?parent=16033"}],"wp:term":[{"taxonomy":"category","embeddable":true,"href":"https:\/\/infozamoraec.com\/index.php\/wp-json\/wp\/v2\/categories?post=16033"},{"taxonomy":"post_tag","embeddable":true,"href":"https:\/\/infozamoraec.com\/index.php\/wp-json\/wp\/v2\/tags?post=16033"}],"curies":[{"name":"wp","href":"https:\/\/api.w.org\/{rel}","templated":true}]}}