{"id":16032,"date":"2025-09-30T02:15:50","date_gmt":"2025-09-30T02:15:50","guid":{"rendered":"https:\/\/infozamoraec.com\/?p=16032"},"modified":"2025-09-30T02:15:50","modified_gmt":"2025-09-30T02:15:50","slug":"fiscalia-acusa-a-yaku-perez-y-a-otros-dirigentes-y-activistas-por-asociacion-ilicita","status":"publish","type":"post","link":"https:\/\/infozamoraec.com\/index.php\/2025\/09\/30\/fiscalia-acusa-a-yaku-perez-y-a-otros-dirigentes-y-activistas-por-asociacion-ilicita\/","title":{"rendered":"Fiscal\u00eda acusa a Yaku P\u00e9rez y a otros dirigentes y activistas por asociaci\u00f3n il\u00edcita"},"content":{"rendered":"<p>La Fiscal\u00eda General del Estado abri\u00f3 una investigaci\u00f3n formal contra Yaku P\u00e9rez y otros dirigentes ind\u00edgenas y activistas por presunta asociaci\u00f3n il\u00edcita. P\u00e9rez y los dem\u00e1s acusados est\u00e1n convocados para el 10 de noviembre a rendir versi\u00f3n.<\/p>\n<p>La Federaci\u00f3n de Organizaciones Ind\u00edgenas y Campesinas (FOA) reaccion\u00f3 ante la notificaci\u00f3n que algunos dirigentes de Cuenca recibieron por parte de la Fiscal\u00eda.<\/p>\n<p>Para la organizaci\u00f3n social, que se opone al proyecto minero Loma Larga, la notificaci\u00f3n es una \u201cnueva escalada de persecuci\u00f3n pol\u00edtica y judicial contra sus dirigentes y defensores del agua, que vulnera el derecho a la protesta y a la resistencia de las comunidades\u201d.<\/p>\n<p>Quienes recibieron la notificaci\u00f3n son:<\/p>\n<p>\u2013 Lauro Sigcha, presidente de la FOA<\/p>\n<p>\u2013 Yaku P\u00e9rez, abogado y coordinador de la FOA<\/p>\n<p>Tambi\u00e9n fueron notificados otras tres personas de organizaciones sindicales:<\/p>\n<p>\u2013 Oscar Reinoso<\/p>\n<p>\u2013 Sebasti\u00e1n Cevallos<\/p>\n<p>\u2013 Edison Deleg<\/p>\n<p>En la notificaci\u00f3n fiscal se menciona que el proceso corresponde a una indagaci\u00f3n previa y se investiga el presunto delito de asociaci\u00f3n il\u00edcita. Es \u201cuna acusaci\u00f3n para criminalizar la protesta social y la defensa de los territorios y la vida\u201d, se\u00f1al\u00f3 la FOA. (I)<\/p>\n","protected":false},"excerpt":{"rendered":"<p>La Fiscal\u00eda General del Estado abri\u00f3 una investigaci\u00f3n formal contra Yaku P\u00e9rez y otros dirigentes ind\u00edgenas y activistas por presunta asociaci\u00f3n il\u00edcita. P\u00e9rez y los dem\u00e1s acusados est\u00e1n convocados para el 10 de noviembre a rendir versi\u00f3n. La Federaci\u00f3n de Organizaciones Ind\u00edgenas y Campesinas (FOA) reaccion\u00f3 ante la notificaci\u00f3n que algunos dirigentes de Cuenca recibieron [&hellip;]<\/p>\n","protected":false},"author":1,"featured_media":16036,"comment_status":"open","ping_status":"open","sticky":false,"template":"","format":"standard","meta":{"footnotes":""},"categories":[12],"tags":[],"_links":{"self":[{"href":"https:\/\/infozamoraec.com\/index.php\/wp-json\/wp\/v2\/posts\/16032"}],"collection":[{"href":"https:\/\/infozamoraec.com\/index.php\/wp-json\/wp\/v2\/posts"}],"about":[{"href":"https:\/\/infozamoraec.com\/index.php\/wp-json\/wp\/v2\/types\/post"}],"author":[{"embeddable":true,"href":"https:\/\/infozamoraec.com\/index.php\/wp-json\/wp\/v2\/users\/1"}],"replies":[{"embeddable":true,"href":"https:\/\/infozamoraec.com\/index.php\/wp-json\/wp\/v2\/comments?post=16032"}],"version-history":[{"count":1,"href":"https:\/\/infozamoraec.com\/index.php\/wp-json\/wp\/v2\/posts\/16032\/revisions"}],"predecessor-version":[{"id":16037,"href":"https:\/\/infozamoraec.com\/index.php\/wp-json\/wp\/v2\/posts\/16032\/revisions\/16037"}],"wp:featuredmedia":[{"embeddable":true,"href":"https:\/\/infozamoraec.com\/index.php\/wp-json\/wp\/v2\/media\/16036"}],"wp:attachment":[{"href":"https:\/\/infozamoraec.com\/index.php\/wp-json\/wp\/v2\/media?parent=16032"}],"wp:term":[{"taxonomy":"category","embeddable":true,"href":"https:\/\/infozamoraec.com\/index.php\/wp-json\/wp\/v2\/categories?post=16032"},{"taxonomy":"post_tag","embeddable":true,"href":"https:\/\/infozamoraec.com\/index.php\/wp-json\/wp\/v2\/tags?post=16032"}],"curies":[{"name":"wp","href":"https:\/\/api.w.org\/{rel}","templated":true}]}}