{"id":16007,"date":"2025-09-27T01:52:26","date_gmt":"2025-09-27T01:52:26","guid":{"rendered":"https:\/\/infozamoraec.com\/?p=16007"},"modified":"2025-09-27T01:52:26","modified_gmt":"2025-09-27T01:52:26","slug":"nayib-bukele-ausente-en-asamblea-de-la-onu-por-primera-vez-en-seis-anos-de-gobernar-el-salvador","status":"publish","type":"post","link":"https:\/\/infozamoraec.com\/index.php\/2025\/09\/27\/nayib-bukele-ausente-en-asamblea-de-la-onu-por-primera-vez-en-seis-anos-de-gobernar-el-salvador\/","title":{"rendered":"Nayib Bukele, ausente en Asamblea de la ONU por primera vez en seis a\u00f1os de gobernar El Salvador"},"content":{"rendered":"<p>El presidente de El Salvador, Nayib Bukele, no particip\u00f3 este a\u00f1o en la Asamblea General de las Naciones Unidas, con lo que es la primera vez, en seis a\u00f1os de Gobierno, que el mandatario no asiste a este espacio de di\u00e1logo internacional, al que s\u00ed acudieron sus colegas de la regi\u00f3n como Bernardo Ar\u00e9valo de Guatemala y Jos\u00e9 Ra\u00fal Mulino de Panam\u00e1.<\/p>\n<p>El mandatario asumi\u00f3 el 1 de junio de 2024 un segundo mandato consecutivo, se\u00f1alado de ser inconstitucional, tras ganar a inicios de ese a\u00f1o unas elecciones marcadas por denuncias de irregularidades por parte de la oposici\u00f3n.<\/p>\n<p>No obstante, en ese 2024 el mandatario s\u00ed brind\u00f3 un discurso ante la ONU en el que se refiri\u00f3 a \u201cuna nueva era oscura de la humanidad\u201d.<\/p>\n<p>El selfie de 2019<br \/>\nEn su primera participaci\u00f3n, en 2019, antes de iniciar su discurso se tom\u00f3 un selfie. Luego, pronunci\u00f3: \u201cEstar aqu\u00ed entre ustedes es un privilegio y un honor. Les aseguro que esta selfie que subir\u00e9 a redes sociales ser\u00e1 vista por m\u00e1s personas que las que est\u00e1n viendo este discurso. La poblaci\u00f3n ya cambi\u00f3 y los pol\u00edticos a\u00fan no lo han comprendido\u201d, dijo.<\/p>\n<p>Un a\u00f1o despu\u00e9s, en el a\u00f1o marcado por la pandemia del coronavirus, Bukele envi\u00f3 un saludo y se solidariz\u00f3 con el mundo \u201cpor los momentos que todos estamos pasando. Momentos hist\u00f3ricos, trascendentales, de los m\u00e1s dif\u00edciles que nos han tocado experimentar\u201d.<\/p>\n<p>\u201cCrisis\u201d y \u201cobsolescencia\u201d<br \/>\nEn su discurso de 2021, el presidente salvadore\u00f1o se\u00f1al\u00f3 que la Asamblea General de la ONU \u201cse estaba acercando a la obsolescencia\u201d y el mundo a \u201cuna crisis\u201d.<\/p>\n<p>\u201cHace dos a\u00f1os estuve en la Asamblea General como Presidente reci\u00e9n electo de un peque\u00f1o pa\u00eds en Centroam\u00e9rica, El Salvador. La misma Asamblea General que hace muchos a\u00f1os despertaba tanto optimismo se estaba acercando a la obsolescencia\u201d, manifest\u00f3.<\/p>\n<p>\u201cLo prob\u00e9 con una selfie\u201d, dijo Bukele y continu\u00f3: \u201cpara demostrar que el mundo hab\u00eda cambiado, que sigue cambiando y que es nuestro deber entenderlo para luego usar nuestro potencial para cuidarlo y resolver los problemas que podemos resolver\u201d.<\/p>\n<p>\u201cEste a\u00f1o estoy de nuevo ac\u00e1, viendo c\u00f3mo no entendimos ese aviso y nos estamos dirigiendo hacia otra crisis, quiz\u00e1s incluso m\u00e1s grande, como lo fue la Segunda Guerra Mundial despu\u00e9s de la Gran Depresi\u00f3n. Arriesgando mucho m\u00e1s de lo que creemos posible perder\u201d, sentenci\u00f3.<\/p>\n<p>Para 2022, Bukele lleg\u00f3 a la Asamblea de la ONU con un discurso enfocado en la seguridad y en el plan implementado en su pa\u00eds para combatir a las violentas pandillas Mara Salvatrucha (MS13) y Barrio 18.<\/p>\n<p>Afirm\u00f3 que \u201cen poqu\u00edsimo tiempo\u201d, el pa\u00eds ha pasado de ser \u201cliteralmente el pa\u00eds m\u00e1s peligroso del mundo, a estar en camino a ser el pa\u00eds m\u00e1s seguro de Am\u00e9rica\u201d.<\/p>\n<p>El \u201c\u00e9xito\u201d de su plan y \u201cun mundo divido\u201d<br \/>\nBukele subi\u00f3 en 2023 al podio de la Asamblea General con un mensaje en el que resalt\u00f3 el \u201c\u00e9xito\u201d de su plan -un r\u00e9gimen de excepci\u00f3n que suspende algunas garant\u00edas constitucionales y a\u00fan vigente- para erradicar a las pandillas que azotaron al pa\u00eds durante muchos a\u00f1os.<\/p>\n<p>\u201cEl Salvador est\u00e1 renaciendo\u201d, dijo Bukele para concluir su mensaje.<\/p>\n<p>Luego, en 2024, el mandatario pronunci\u00f3 un discurso en el que asegur\u00f3 que \u201cel mundo se ha vuelto dividido, deprimido, preocupado, hostil y sin esperanza\u201d, y afirm\u00f3 que \u201cestamos ante una nueva era oscura de la humanidad\u201d.<\/p>\n<p>\u201cHoy el mundo libre, ya no es libre, esto no es una exageraci\u00f3n. Tenemos pruebas innegables de esta decadencia todos los d\u00edas\u201d, expres\u00f3.<\/p>\n","protected":false},"excerpt":{"rendered":"<p>El presidente de El Salvador, Nayib Bukele, no particip\u00f3 este a\u00f1o en la Asamblea General de las Naciones Unidas, con lo que es la primera vez, en seis a\u00f1os de Gobierno, que el mandatario no asiste a este espacio de di\u00e1logo internacional, al que s\u00ed acudieron sus colegas de la regi\u00f3n como Bernardo Ar\u00e9valo de [&hellip;]<\/p>\n","protected":false},"author":1,"featured_media":16008,"comment_status":"open","ping_status":"open","sticky":false,"template":"","format":"standard","meta":{"footnotes":""},"categories":[8],"tags":[],"_links":{"self":[{"href":"https:\/\/infozamoraec.com\/index.php\/wp-json\/wp\/v2\/posts\/16007"}],"collection":[{"href":"https:\/\/infozamoraec.com\/index.php\/wp-json\/wp\/v2\/posts"}],"about":[{"href":"https:\/\/infozamoraec.com\/index.php\/wp-json\/wp\/v2\/types\/post"}],"author":[{"embeddable":true,"href":"https:\/\/infozamoraec.com\/index.php\/wp-json\/wp\/v2\/users\/1"}],"replies":[{"embeddable":true,"href":"https:\/\/infozamoraec.com\/index.php\/wp-json\/wp\/v2\/comments?post=16007"}],"version-history":[{"count":1,"href":"https:\/\/infozamoraec.com\/index.php\/wp-json\/wp\/v2\/posts\/16007\/revisions"}],"predecessor-version":[{"id":16009,"href":"https:\/\/infozamoraec.com\/index.php\/wp-json\/wp\/v2\/posts\/16007\/revisions\/16009"}],"wp:featuredmedia":[{"embeddable":true,"href":"https:\/\/infozamoraec.com\/index.php\/wp-json\/wp\/v2\/media\/16008"}],"wp:attachment":[{"href":"https:\/\/infozamoraec.com\/index.php\/wp-json\/wp\/v2\/media?parent=16007"}],"wp:term":[{"taxonomy":"category","embeddable":true,"href":"https:\/\/infozamoraec.com\/index.php\/wp-json\/wp\/v2\/categories?post=16007"},{"taxonomy":"post_tag","embeddable":true,"href":"https:\/\/infozamoraec.com\/index.php\/wp-json\/wp\/v2\/tags?post=16007"}],"curies":[{"name":"wp","href":"https:\/\/api.w.org\/{rel}","templated":true}]}}