{"id":16004,"date":"2025-09-27T01:50:10","date_gmt":"2025-09-27T01:50:10","guid":{"rendered":"https:\/\/infozamoraec.com\/?p=16004"},"modified":"2025-09-27T01:50:10","modified_gmt":"2025-09-27T01:50:10","slug":"netanyahu-se-marcho-de-la-asamblea-general-de-la-onu-sin-hablarle-a-guterres","status":"publish","type":"post","link":"https:\/\/infozamoraec.com\/index.php\/2025\/09\/27\/netanyahu-se-marcho-de-la-asamblea-general-de-la-onu-sin-hablarle-a-guterres\/","title":{"rendered":"Netanyahu se march\u00f3 de la Asamblea General de la ONU sin hablarle a Guterres"},"content":{"rendered":"<p>El primer ministro israel\u00ed, Benjam\u00edn Netanyahu, termin\u00f3 este viernes su alocuci\u00f3n ante la Asamblea General de Naciones Unidas y se march\u00f3 de la sede en Nueva York sin haberse entrevistado con el secretario general de la ONU, Ant\u00f3nio Guterres, seg\u00fan confirm\u00f3 el portavoz de Guterres, St\u00e9phane Dujarric.<\/p>\n<p>Es el segundo a\u00f1o en que Netanyahu viene a la ONU y no se entrevista con Guterres; de hecho, Netanyahu no ha respondido a las varias llamadas de Guterres desde el 7 de octubre de 2023, fecha de los atentados de Ham\u00e1s.<\/p>\n<p>Es excepcional que los mandatarios que intervienen ante la Asamblea General no se re\u00fanan con el secretario general; de hecho, Guterres ha tenido este a\u00f1o 89 reuniones bilaterales en los pasados seis d\u00edas -incluido el presidente de EE.UU., Donald Trump, uno de los grandes cr\u00edticos de la ONU-, y tiene programadas 58 m\u00e1s, precis\u00f3 Dujarric.<\/p>\n<p>El portavoz no quiso comentar lo sucedido esta ma\u00f1ana, cuando Netanyahu comenz\u00f3 a hablar y hubo un abandono masivo de decenas de delegados que dejaron la sala pr\u00e1cticamente vac\u00eda, a modo de protesta por la guerra de Gaza.<\/p>\n<p>El abandono de los delegados se convierte en el \u00faltimo s\u00edntoma del creciente aislamiento de Israel en Naciones Unidas, donde una mayor\u00eda cada vez m\u00e1s contundente de pa\u00edses est\u00e1 votando contra el Estado hebreo, sea por la guerra de Gaza, por su pol\u00edtica en\u00a0<strong>Cisjordania\u00a0<\/strong>o por su negativa a aceptar un Estado palestino. EFE\u00a0<strong>(I)<\/strong><\/p>\n","protected":false},"excerpt":{"rendered":"<p>El primer ministro israel\u00ed, Benjam\u00edn Netanyahu, termin\u00f3 este viernes su alocuci\u00f3n ante la Asamblea General de Naciones Unidas y se march\u00f3 de la sede en Nueva York sin haberse entrevistado con el secretario general de la ONU, Ant\u00f3nio Guterres, seg\u00fan confirm\u00f3 el portavoz de Guterres, St\u00e9phane Dujarric. Es el segundo a\u00f1o en que Netanyahu viene [&hellip;]<\/p>\n","protected":false},"author":1,"featured_media":16005,"comment_status":"open","ping_status":"open","sticky":false,"template":"","format":"standard","meta":{"footnotes":""},"categories":[8],"tags":[],"_links":{"self":[{"href":"https:\/\/infozamoraec.com\/index.php\/wp-json\/wp\/v2\/posts\/16004"}],"collection":[{"href":"https:\/\/infozamoraec.com\/index.php\/wp-json\/wp\/v2\/posts"}],"about":[{"href":"https:\/\/infozamoraec.com\/index.php\/wp-json\/wp\/v2\/types\/post"}],"author":[{"embeddable":true,"href":"https:\/\/infozamoraec.com\/index.php\/wp-json\/wp\/v2\/users\/1"}],"replies":[{"embeddable":true,"href":"https:\/\/infozamoraec.com\/index.php\/wp-json\/wp\/v2\/comments?post=16004"}],"version-history":[{"count":1,"href":"https:\/\/infozamoraec.com\/index.php\/wp-json\/wp\/v2\/posts\/16004\/revisions"}],"predecessor-version":[{"id":16006,"href":"https:\/\/infozamoraec.com\/index.php\/wp-json\/wp\/v2\/posts\/16004\/revisions\/16006"}],"wp:featuredmedia":[{"embeddable":true,"href":"https:\/\/infozamoraec.com\/index.php\/wp-json\/wp\/v2\/media\/16005"}],"wp:attachment":[{"href":"https:\/\/infozamoraec.com\/index.php\/wp-json\/wp\/v2\/media?parent=16004"}],"wp:term":[{"taxonomy":"category","embeddable":true,"href":"https:\/\/infozamoraec.com\/index.php\/wp-json\/wp\/v2\/categories?post=16004"},{"taxonomy":"post_tag","embeddable":true,"href":"https:\/\/infozamoraec.com\/index.php\/wp-json\/wp\/v2\/tags?post=16004"}],"curies":[{"name":"wp","href":"https:\/\/api.w.org\/{rel}","templated":true}]}}