{"id":16001,"date":"2025-09-27T01:47:37","date_gmt":"2025-09-27T01:47:37","guid":{"rendered":"https:\/\/infozamoraec.com\/?p=16001"},"modified":"2025-09-27T01:47:37","modified_gmt":"2025-09-27T01:47:37","slug":"comunidades-de-azuay-exigen-cancelacion-inmediata-de-licencia-ambiental-de-loma-larga","status":"publish","type":"post","link":"https:\/\/infozamoraec.com\/index.php\/2025\/09\/27\/comunidades-de-azuay-exigen-cancelacion-inmediata-de-licencia-ambiental-de-loma-larga\/","title":{"rendered":"Comunidades de Azuay exigen cancelaci\u00f3n inmediata de licencia ambiental de Loma Larga"},"content":{"rendered":"<p>El anuncio del Gobierno de empezar el proceso para la suspensi\u00f3n de la licencia ambiental del proyecto minero Loma Larga no fue bien recibida por las comunidades de Azuay, lo calificaron como un \u201cinsulto\u201d a la provincia y piden que la revocatoria sea de manera inmediata y no temporal. Adem\u00e1s, cuestionaron las declaraciones del viceministro de Minas, Xavier Sub\u00eda.<\/p>\n<p>\u201cEl reciente comunicado de la Presidencia de la Rep\u00fablica es un insulto al Azuay. Bajo el disfraz de un supuesto \u2018proceso de suspensi\u00f3n\u2019 de la licencia ambiental del proyecto Loma Larga, el Gobierno pretende enga\u00f1ar a la ciudadan\u00eda\u201d, indican organizaciones sociales en un pronunciamiento p\u00fablico.<\/p>\n<p>Este jueves, 25 de septiembre, la Presidencia expuso que dio atenci\u00f3n a los informes presentados por la Prefectura del Azuay y el Municipio de Cuenca, por lo que el Gobierno empezar\u00e1 el proceso correspondiente para la suspensi\u00f3n de la licencia ambiental a cargo de la empresa canadiense Dundee Precious Metals (DPM).<\/p>\n<p>Adem\u00e1s, se\u00f1al\u00f3 que las autoridades locales deber\u00e1n responder por la veracidad, la consistencia y la responsabilidad t\u00e9cnica de los informes que han puesto en consideraci\u00f3n del Gobierno.<\/p>\n<p>El pasado 23 de septiembre, el alcalde de la capital azuaya, Cristian Zamora, y el prefecto de la provincia, Juan Crist\u00f3bal Lloret, acudieron a la convocatoria de la Gobernaci\u00f3n de esa provincia y del Ministerio de Ambiente y Energ\u00eda para que presenten los informes antes de desistir del proyecto minero Loma Larga en Quimsacocha.<\/p>\n<p>Zamora entreg\u00f3 ocho documentos que a su criterio respaldan por qu\u00e9 no debe avanzar el proyecto, algo similar hizo Lloret, quien detall\u00f3 que los informes ya los han entregado antes, pero que ese d\u00eda lo volv\u00eda a hacer.<\/p>\n<p>Las comunidades de Azuay y Cuenca aseguran que han sido claras en lo expuesto. \u201cNo queremos suspensiones temporales ni t\u00e1cticas dilatorias. Exigimos la cancelaci\u00f3n inmediata y definitiva de las tres concesiones mineras en Quimsacocha. Cada d\u00eda que se prolonga esta farsa, nuestras fuentes h\u00eddricas, p\u00e1ramos y la salud de la poblaci\u00f3n contin\u00faan bajo amenaza\u201d, declararon.<\/p>\n<p>Y agregaron que el \u201canuncio oficial no es m\u00e1s que una burla\u201d y que un proceso de suspensi\u00f3n puede durar d\u00edas, meses o a\u00f1os. \u201cLa derogatoria de la licencia ambiental no basta ni puede ser la prioridad: lo primordial es la cancelaci\u00f3n total de las concesiones mineras y el retiro definitivo de la empresa\u201d, manifestaron.<\/p>\n<p>Asimismo, rechazaron las recientes declaraciones del viceministro Sub\u00eda. Apuntaron que el funcionario asever\u00f3 que la licencia ambiental de Loma Larga \u201cest\u00e1 vigente, no ha sido revocada\u201d y que \u201cno existe petici\u00f3n formal de revocatoria\u201d.<\/p>\n<p>Para las comunidades \u201ceso es mentira\u201d. Dijeron que al d\u00eda siguiente de la marcha del pasado 16 de septiembre, la Asamblea Ciudadana por la Defensa de los P\u00e1ramos y el Agua de Cuenca entreg\u00f3 una carta formal al presidente Daniel Noboa, en la que se exig\u00eda la revocatoria inmediata de la licencia ambiental. \u201cNegar esta acci\u00f3n es invisibilizar la voz del pueblo y proteger a la minera Dundee\u201d, afirmaron.<\/p>\n<p>En ese contexto, puntualizaron que la postura es inquebrantable:<\/p>\n<p>Cancelaci\u00f3n inmediata y definitiva de las tres concesiones mineras en Quimsacocha.<\/p>\n<p>Remediaci\u00f3n ambiental integral en todas las zonas afectadas.<\/p>\n<p>Que se inicien los tr\u00e1mites ante la Organizaci\u00f3n de las Naciones Unidas para la Educaci\u00f3n, la Ciencia y la Cultura (Unesco) para que Quimsacocha sea declarada patrimonio natural de la vida humana y no humana.<\/p>\n","protected":false},"excerpt":{"rendered":"<p>El anuncio del Gobierno de empezar el proceso para la suspensi\u00f3n de la licencia ambiental del proyecto minero Loma Larga no fue bien recibida por las comunidades de Azuay, lo calificaron como un \u201cinsulto\u201d a la provincia y piden que la revocatoria sea de manera inmediata y no temporal. Adem\u00e1s, cuestionaron las declaraciones del viceministro [&hellip;]<\/p>\n","protected":false},"author":1,"featured_media":16002,"comment_status":"open","ping_status":"open","sticky":false,"template":"","format":"standard","meta":{"footnotes":""},"categories":[12],"tags":[],"_links":{"self":[{"href":"https:\/\/infozamoraec.com\/index.php\/wp-json\/wp\/v2\/posts\/16001"}],"collection":[{"href":"https:\/\/infozamoraec.com\/index.php\/wp-json\/wp\/v2\/posts"}],"about":[{"href":"https:\/\/infozamoraec.com\/index.php\/wp-json\/wp\/v2\/types\/post"}],"author":[{"embeddable":true,"href":"https:\/\/infozamoraec.com\/index.php\/wp-json\/wp\/v2\/users\/1"}],"replies":[{"embeddable":true,"href":"https:\/\/infozamoraec.com\/index.php\/wp-json\/wp\/v2\/comments?post=16001"}],"version-history":[{"count":1,"href":"https:\/\/infozamoraec.com\/index.php\/wp-json\/wp\/v2\/posts\/16001\/revisions"}],"predecessor-version":[{"id":16003,"href":"https:\/\/infozamoraec.com\/index.php\/wp-json\/wp\/v2\/posts\/16001\/revisions\/16003"}],"wp:featuredmedia":[{"embeddable":true,"href":"https:\/\/infozamoraec.com\/index.php\/wp-json\/wp\/v2\/media\/16002"}],"wp:attachment":[{"href":"https:\/\/infozamoraec.com\/index.php\/wp-json\/wp\/v2\/media?parent=16001"}],"wp:term":[{"taxonomy":"category","embeddable":true,"href":"https:\/\/infozamoraec.com\/index.php\/wp-json\/wp\/v2\/categories?post=16001"},{"taxonomy":"post_tag","embeddable":true,"href":"https:\/\/infozamoraec.com\/index.php\/wp-json\/wp\/v2\/tags?post=16001"}],"curies":[{"name":"wp","href":"https:\/\/api.w.org\/{rel}","templated":true}]}}