{"id":15995,"date":"2025-09-27T01:43:39","date_gmt":"2025-09-27T01:43:39","guid":{"rendered":"https:\/\/infozamoraec.com\/?p=15995"},"modified":"2025-09-27T01:43:39","modified_gmt":"2025-09-27T01:43:39","slug":"extrabajadores-de-petroecuador-reclaman-demoras-en-los-pagos-de-sus-liquidaciones","status":"publish","type":"post","link":"https:\/\/infozamoraec.com\/index.php\/2025\/09\/27\/extrabajadores-de-petroecuador-reclaman-demoras-en-los-pagos-de-sus-liquidaciones\/","title":{"rendered":"Extrabajadores de Petroecuador reclaman demoras en los pagos de sus liquidaciones"},"content":{"rendered":"<p>Alrededor de 30 extrabajadores de Petroecuador protagonizaron un plant\u00f3n en los exteriores de la empresa p\u00fablica, para reclamar que la entidad no cumple a tiempo con el pago de las liquidaciones que les corresponden. Aseguran que los retrasos, en algunos casos, llevan m\u00e1s de dos meses.<\/p>\n<p>La protesta se desarroll\u00f3 de manera pac\u00edfica la ma\u00f1ana del viernes, 26 de septiembre, afuera del edificio matriz de la estatal, ubicado en el norte de Quito.<\/p>\n<p>Con carteles y consignas, los extrabajadores exigieron una pronta soluci\u00f3n a sus pedidos.<\/p>\n<p>Y rechazaron que desde la empresa p\u00fablica se les haya etiquetado como bur\u00f3cratas con \u201csueldos dorados\u201d, que recib\u00edan altas remuneraciones que no eran compatibles con sus cargos. Aseguraron que sus salarios estaban apegados a normativas vigentes.<\/p>\n<p>\u201cNo somos pol\u00edticos, no dependemos de ning\u00fan partido pol\u00edtico. Lo que pedimos es que se haga justicia. No entendemos c\u00f3mo no se cumplen con las obligaciones estatales, y s\u00ed, en cambio, se habla de compensaciones y bonos a los distintos sectores sociales (debido a la eliminaci\u00f3n del subsidio al di\u00e9sel). No mientan, cumplan con todos. Todos tenemos familias, tenemos necesitades. Nuestro pedido es que se hagan los pagos respectivos y justos\u201d, dijo Andrea Zurita, quien fue desvinculada de la empresa en julio pasado.<\/p>\n<p>Entre cinco entidades y empresas p\u00fablicas ya van 2.295 desvinculaciones en dos semanas<\/p>\n<p>La extrabajadora se\u00f1al\u00f3 que a ella y a varios de sus excompa\u00f1eros les ha resultado dif\u00edcil encontrar un nuevo empleo y no tienen recursos para emprender algo propio.<\/p>\n<p>Otro excolaborador de Petroecuador, quien prefiri\u00f3 no dar su nombre, dijo que la desvinculaci\u00f3n masiva de trabajadores \u201ces una injusticia\u201d, al igual que el no pago a tiempo de sus liquidaciones.<\/p>\n<p>\u201cDe una u otra manera, todos hemos sido perjudicados. Nuestros derechos han sido vulnerados, porque ninguno es un vago, ninguno es un \u201dpip\u00f3n\u00bb, ninguno es un terrorista ni ha tenido un sueldo dorado. Nuestros sueldos siempre han sido acordados de acuerdo al sector en el que trabajamos. No gan\u00e1bamos m\u00e1s, ni menos, sino lo justo\u201c, expres\u00f3.<\/p>\n<p>Agreg\u00f3 que hay casos de extrabajadores que han llegado a procesos de conciliaci\u00f3n en el Ministerio de Trabajo y no reciben los valores que les correspond\u00eda por el tiempo que laboraron en la empresa.<\/p>\n<p>Seg\u00fan el grupo de manifestantes, en lo que va del a\u00f1o habr\u00edan sido despedidos 1.256 empleados.<\/p>\n<p>Petroecuador ha llevado a cabo varios procesos de desvinculaci\u00f3n de personal desde enero pasado, argumentando \u201cdepuraci\u00f3n\u201d, eficiencia y reestructuraci\u00f3n de la empresa p\u00fablica.<\/p>\n<p>El \u00faltimo gran recorte fue a inicios de agosto, cuando la estatal inform\u00f3 que 936 trabajadores saldr\u00edan de sus cargos, porque ten\u00edan sueldos sobrevalorados.<\/p>\n<p>Sin embargo, a los pocos d\u00edas cuatro empleados fueron reintegrados debido a que hubo un problema en la base de datos de Petroecuador, dijo en su momento la portavoz del Gobierno, Carolina Jaramillo.<\/p>\n<p>Hasta agosto, petrolera estatal registr\u00f3 9.574 trabajadores, lo que es una disminuci\u00f3n de 4,92 % (495 empleados menos ) frente a los 10.069 colaboradores que se contabilizaban en agosto de 2024, seg\u00fan el \u00faltimo reporte estad\u00edstico.<\/p>\n<p>Este Diario solicit\u00f3 a Petroecuador un pronunciamiento sobre el plant\u00f3n de los extrabajadores que exigen sus liquidaciones. Y tambi\u00e9n se requiri\u00f3 informaci\u00f3n sobre personal desvinculado y c\u00f3mo se encuentran los pagos que les corresponden. Hasta el cierre de esta publicaci\u00f3n se esperaba una respuesta.<\/p>\n","protected":false},"excerpt":{"rendered":"<p>Alrededor de 30 extrabajadores de Petroecuador protagonizaron un plant\u00f3n en los exteriores de la empresa p\u00fablica, para reclamar que la entidad no cumple a tiempo con el pago de las liquidaciones que les corresponden. Aseguran que los retrasos, en algunos casos, llevan m\u00e1s de dos meses. La protesta se desarroll\u00f3 de manera pac\u00edfica la ma\u00f1ana [&hellip;]<\/p>\n","protected":false},"author":1,"featured_media":15996,"comment_status":"open","ping_status":"open","sticky":false,"template":"","format":"standard","meta":{"footnotes":""},"categories":[12],"tags":[],"_links":{"self":[{"href":"https:\/\/infozamoraec.com\/index.php\/wp-json\/wp\/v2\/posts\/15995"}],"collection":[{"href":"https:\/\/infozamoraec.com\/index.php\/wp-json\/wp\/v2\/posts"}],"about":[{"href":"https:\/\/infozamoraec.com\/index.php\/wp-json\/wp\/v2\/types\/post"}],"author":[{"embeddable":true,"href":"https:\/\/infozamoraec.com\/index.php\/wp-json\/wp\/v2\/users\/1"}],"replies":[{"embeddable":true,"href":"https:\/\/infozamoraec.com\/index.php\/wp-json\/wp\/v2\/comments?post=15995"}],"version-history":[{"count":1,"href":"https:\/\/infozamoraec.com\/index.php\/wp-json\/wp\/v2\/posts\/15995\/revisions"}],"predecessor-version":[{"id":15997,"href":"https:\/\/infozamoraec.com\/index.php\/wp-json\/wp\/v2\/posts\/15995\/revisions\/15997"}],"wp:featuredmedia":[{"embeddable":true,"href":"https:\/\/infozamoraec.com\/index.php\/wp-json\/wp\/v2\/media\/15996"}],"wp:attachment":[{"href":"https:\/\/infozamoraec.com\/index.php\/wp-json\/wp\/v2\/media?parent=15995"}],"wp:term":[{"taxonomy":"category","embeddable":true,"href":"https:\/\/infozamoraec.com\/index.php\/wp-json\/wp\/v2\/categories?post=15995"},{"taxonomy":"post_tag","embeddable":true,"href":"https:\/\/infozamoraec.com\/index.php\/wp-json\/wp\/v2\/tags?post=15995"}],"curies":[{"name":"wp","href":"https:\/\/api.w.org\/{rel}","templated":true}]}}