{"id":15992,"date":"2025-09-27T01:41:19","date_gmt":"2025-09-27T01:41:19","guid":{"rendered":"https:\/\/infozamoraec.com\/?p=15992"},"modified":"2025-09-27T01:41:19","modified_gmt":"2025-09-27T01:41:19","slug":"ley-del-biess-se-aprueba-en-la-asamblea","status":"publish","type":"post","link":"https:\/\/infozamoraec.com\/index.php\/2025\/09\/27\/ley-del-biess-se-aprueba-en-la-asamblea\/","title":{"rendered":"Ley del BIESS se aprueba en la Asamblea"},"content":{"rendered":"<p>El oficialismo logr\u00f3 conseguir nuevamente los votos para aprobar en segundo debate el proyecto de ley urgente de Fortalecimiento y Sostenibilidad Crediticia. Los 77 votos se consiguieron gracias a los legisladores Jos\u00e9 Nango y Jos\u00e9 Nantipia, expulsados de Pachakutik.<\/p>\n<p>Este proyecto pasar\u00e1 a conocimiento del Ejecutivo aplica reformas al sistema previsional y financiero del Banco del Instituto Ecuatoriano de Seguridad Social (BIESS), mediante la regulaci\u00f3n del retorno de los fondos complementarios previsionales cerrados a sus part\u00edcipes.<\/p>\n<p>El presidente encargado de la comisi\u00f3n de Desarrollo Econ\u00f3mico, Diego Franco (ADN), asegur\u00f3 que durante el debate fueron recibidos los representantes de los afiliados del IESS, y que la Asamblea debe decidir de qu\u00e9 lado est\u00e1.<\/p>\n<p>Seg\u00fan Franco, el BIESS hoy maneja 310 millones de d\u00f3lares en fondos de privados que no representan a los jubilados, eso significa que la instituci\u00f3n a p\u00e9rdida administra esos recursos. Por ello, la ley estipula que la administraci\u00f3n de esos dineros vuelvan a sus due\u00f1os. Y tambi\u00e9n los 150 millones de d\u00f3lares repartidos en 13 fideicomisos inmobiliarios repartidos en todo el pa\u00eds, que son un monumento al abandono.<\/p>\n<p>El asamble\u00edsta de ADN tambi\u00e9n expuso a los legisladores de oposici\u00f3n de quienes dijo que son mentirosos al afirmar que se pretende tomarse los fondos de los jubilados.<\/p>\n<p>Pues, Blasco Luna legislador del corre\u00edsmo, pidi\u00f3 una r\u00e9plica dijo que el mentiroso es el presidente Daniel Noboa, quien dijo que no va a subir el IVA o incrementar el precio del di\u00e9sel. Tild\u00f3 de mentiroso al legislador Diego Franco, porque no se recibi\u00f3 a los representantes de los jubilados, ni a los dirigentes de la seguridad del Azuay.<\/p>\n<p>La coidearia del presidente encargado de la comisi\u00f3n, la asamble\u00edsta Mishel Mancheno (ADN), manifest\u00f3 que la Asamblea tiene la oportunidad de cambiar ese concepto de la seguridad social y vuelva la confianza a las instituciones publicas y garantizar los ahorros de los afiliados.<\/p>\n<p>Mancheno expuso que el proyecto de ley no es un \u00abapricho pol\u00edtico\u00bb sino de una realidad donde m\u00e1s de 310 millones de d\u00f3lares se encuentran en fideicomisos inmovilizados, que no producen rentabilidad, no generan empleo y que \u00e9ste deber\u00eda estar al servicio de los afiliados; y adem\u00e1s, 13 fideicomisos equivalentes al 40% del portafolio que est\u00e1n paralizados sin contar con una herramienta legal que permita reactivarlos o liquidarlos.<\/p>\n<p>Con la ley aprobada se busca que los fondos complementarios previsionales volver\u00e1n a la administraci\u00f3n de sus participantes con reglas claras y una supervisi\u00f3n, y eso significa que se fortalecer\u00e1 la transparencia, con una transici\u00f3n ordenada y adecuada, respetando los derechos adquiridos.<\/p>\n<p>La legisladora Viviana Veloz (RC), anunci\u00f3 que presentar\u00e1 una acci\u00f3n de inconstitucionalidad en caso que el proyecto sea aprobado por la Asamblea Nacional. Veloz acus\u00f3 que con esta ley se pretende arrebatar los fondos del BIESS, que son el respaldo para su vejez y su cesant\u00eda. Asegur\u00f3 que se pretende vender la ley bajo un manto de una supuesta modernizaci\u00f3n, cuando es privatizaci\u00f3n y una receta del Fondo Monetario Internacional.<\/p>\n<p>Justamente antes de la votaci\u00f3n se dirigi\u00f3 a los legisladores expulsados de Pachakutik (Jos\u00e9 Nango, Jos\u00e9 Nantipia y Edmundo Cerda) y pregunt\u00f3 \u00abde qu\u00e9 lado van a estar: con la gente o con las \u00e9lites, hoy nadie puede vender su consciencia por treinta monedas de plata y traicionar al pa\u00eds como lo hizo judas. La historia y la gente jam\u00e1s va a olvidar los nombres de quienes votaron para arrebatarles los recursos y quienes se pusieron del lado de la gente\u00ab<\/p>\n<p>Veloz plante\u00f3 al presidente Daniel Noboa, un pacto de paz, unidad y reconciliaci\u00f3n nacional, regrese a ver al pueblo que lo eligi\u00f3; pero para que ese pacto funcione debe dar algunas demostraciones entre las que se\u00f1all\u00f3 derogar el decreto que increment\u00f3 el precio del di\u00e9sel, dotar de medicinas a los hospitales, devolver la seguridad a la ciudadan\u00eda y no aprobar la ley de de Fortalecimiento y Sostenibilidad Crediticia\u00bb. (I)<\/p>\n","protected":false},"excerpt":{"rendered":"<p>El oficialismo logr\u00f3 conseguir nuevamente los votos para aprobar en segundo debate el proyecto de ley urgente de Fortalecimiento y Sostenibilidad Crediticia. Los 77 votos se consiguieron gracias a los legisladores Jos\u00e9 Nango y Jos\u00e9 Nantipia, expulsados de Pachakutik. Este proyecto pasar\u00e1 a conocimiento del Ejecutivo aplica reformas al sistema previsional y financiero del Banco [&hellip;]<\/p>\n","protected":false},"author":1,"featured_media":15993,"comment_status":"open","ping_status":"open","sticky":false,"template":"","format":"standard","meta":{"footnotes":""},"categories":[12],"tags":[],"_links":{"self":[{"href":"https:\/\/infozamoraec.com\/index.php\/wp-json\/wp\/v2\/posts\/15992"}],"collection":[{"href":"https:\/\/infozamoraec.com\/index.php\/wp-json\/wp\/v2\/posts"}],"about":[{"href":"https:\/\/infozamoraec.com\/index.php\/wp-json\/wp\/v2\/types\/post"}],"author":[{"embeddable":true,"href":"https:\/\/infozamoraec.com\/index.php\/wp-json\/wp\/v2\/users\/1"}],"replies":[{"embeddable":true,"href":"https:\/\/infozamoraec.com\/index.php\/wp-json\/wp\/v2\/comments?post=15992"}],"version-history":[{"count":1,"href":"https:\/\/infozamoraec.com\/index.php\/wp-json\/wp\/v2\/posts\/15992\/revisions"}],"predecessor-version":[{"id":15994,"href":"https:\/\/infozamoraec.com\/index.php\/wp-json\/wp\/v2\/posts\/15992\/revisions\/15994"}],"wp:featuredmedia":[{"embeddable":true,"href":"https:\/\/infozamoraec.com\/index.php\/wp-json\/wp\/v2\/media\/15993"}],"wp:attachment":[{"href":"https:\/\/infozamoraec.com\/index.php\/wp-json\/wp\/v2\/media?parent=15992"}],"wp:term":[{"taxonomy":"category","embeddable":true,"href":"https:\/\/infozamoraec.com\/index.php\/wp-json\/wp\/v2\/categories?post=15992"},{"taxonomy":"post_tag","embeddable":true,"href":"https:\/\/infozamoraec.com\/index.php\/wp-json\/wp\/v2\/tags?post=15992"}],"curies":[{"name":"wp","href":"https:\/\/api.w.org\/{rel}","templated":true}]}}