{"id":15989,"date":"2025-09-27T01:39:02","date_gmt":"2025-09-27T01:39:02","guid":{"rendered":"https:\/\/infozamoraec.com\/?p=15989"},"modified":"2025-09-27T01:39:02","modified_gmt":"2025-09-27T01:39:02","slug":"quinto-dia-de-paro-floricultores-denuncian-us1-millon-de-perdidas-al-dia-detenidos-llegan-a-96","status":"publish","type":"post","link":"https:\/\/infozamoraec.com\/index.php\/2025\/09\/27\/quinto-dia-de-paro-floricultores-denuncian-us1-millon-de-perdidas-al-dia-detenidos-llegan-a-96\/","title":{"rendered":"Quinto d\u00eda de paro: floricultores denuncian US$1 mill\u00f3n de p\u00e9rdidas al d\u00eda; detenidos llegan a 96"},"content":{"rendered":"<p>La Asociaci\u00f3n Nacional de Productores y Exportadores de Flores en Ecuador (Expoflores) denunci\u00f3 este viernes que sufren p\u00e9rdidas comerciales millonarias por los reiterados cortes de v\u00edas y el asalto a fincas de producci\u00f3n por parte de manifestantes para forzar a los empleados a unirse al quinto d\u00eda de paro convocado por el movimiento ind\u00edgena.<\/p>\n<p>Los incidentes en las fincas flor\u00edcolas (Ecuador es uno de los principales exportadores de flores del mundo) se produjeron en Imbabura, una de las m\u00e1s afectadas por las marchas y en la que, seg\u00fan explic\u00f3 Expoflor a EFE, los manifestantes ingresaron \u00abde manera violenta\u00bb para amenazar y obligar a los trabajadores a abandonar sus labores y unirse a las protestas.<\/p>\n<p>Expoflores calcula una p\u00e9rdida de un mill\u00f3n de d\u00f3lares al d\u00eda como consecuencia del bloqueo de v\u00edas durante las manifestaciones.<\/p>\n<p>No obstante, de llegar a producirse cierres totales de las v\u00edas, calculan que las p\u00e9rdidas podr\u00edan escalar a entre 2 y 2,5 millones de d\u00f3lares por d\u00eda, lo que ser\u00eda \u00abinsostenible para el sector\u00bb.<\/p>\n<p>Casi cien detenidos<br \/>\nCerca de un centenar de personas han sido detenidas durante las manifestaciones en el marco del paro nacional convocado por la Confederaci\u00f3n de Nacionalidades Ind\u00edgenas (Conaie) en rechazo a la eliminaci\u00f3n del subsidio al di\u00e9sel y otros reclamos.<\/p>\n<p>El ministro del Interior ecuatoriano, John Reimberg, se\u00f1al\u00f3 este viernes en la televisi\u00f3n RTS que, hasta el momento, han detenido a entre \u00ab95 y 96\u00bb personas, diez m\u00e1s que el jueves.<\/p>\n<p>El pasado mi\u00e9rcoles, la justicia orden\u00f3 la prisi\u00f3n preventiva para 12 de los 13 procesados por el delito de terrorismo debido a su presunta participaci\u00f3n en los ataques violentos del lunes a un destacamento policial en la ciudad de Otavalo, en la provincia andina de Imbabura.<\/p>\n<p>Entre los detenidos figuran dos venezolanos, que las autoridades presumen que est\u00e1n vinculados al grupo criminal transnacional Tren de Aragua, y catalogado por el Gobierno de Daniel Noboa como \u00abterroristas\u00bb.<\/p>\n<p>Mientas los ind\u00edgenas denuncian represi\u00f3n, Reimberg record\u00f3 que el Gobierno act\u00faa cuando los manifestaciones intentan atentar contra propiedades y anot\u00f3 que las fuerzas del orden no permitir\u00e1n el cierre de v\u00edas, por lo cual despejan los cortes parciales que realizan los manifestantes.<\/p>\n<p>V\u00edas cerradas<br \/>\nA primera hora de este viernes, por ejemplo, los manifestantes cruzaron troncos y ramas de \u00e1rboles en una v\u00eda del norte de la provincia de Pichincha, cuya capital es Quito, mientras que en la de Imbabura hab\u00eda cuatro cortes en distintas zonas, que imped\u00edan la normal movilizaci\u00f3n. Se reportan tambi\u00e9n cierres en la v\u00eda a Jipijapa, en Manab\u00ed.<\/p>\n<p>El funcionario indic\u00f3 que hay l\u00edderes que presuntamente amenazan con multar y limitar el acceso al agua a habitantes de ciertas comunidades si no salen a las manifestaciones, que desde el lunes se han registrado m\u00e1s notoriamente en provincias como Pichincha, Imbabura y Cotopaxi, mientras anoche ocurrieron tambi\u00e9n en la ciudad andina de Cuenca, en las provincia del Azuay.<\/p>\n<p>Esta semana, el Gobierno ha entregado un millar de documentos que brindan seguridad jur\u00eddica a las comunidades para administrar de manera responsable el agua y avanza en el proceso de millonarios proyectos de agua potable y saneamiento, en beneficio de m\u00e1s de 1,2 millones de habitantes a escala nacional, seg\u00fan el Ministerio de Ambiente y Energ\u00eda.<\/p>\n<p>\u00bfTinte pol\u00edtico?<br \/>\nEl Gobierno considera que las manifestaciones ya no son por el alza del costo del di\u00e9sel sino que tienen fines pol\u00edticos con \u00e1nimos de desestabilizar al Gobierno.<\/p>\n<p>\u00abNo vamos a permitir que generen esta violencia y utilicen al pueblo para que salgan a hacer actos de violencia\u00bb, subray\u00f3 el ministro, quien tambi\u00e9n vincula al crimen organizado en las protestas.<\/p>\n<p>Como ejemplo, coment\u00f3 sobre el decomiso de 18.000 galones (68.133 litros) de di\u00e9sel, \u00abque estaban previstos para ser utilizados en delitos de narcotr\u00e1fico\u00bb.<\/p>\n<p>Violencia en c\u00e1rceles<br \/>\nEl jueves, 17 reos fueron asesinados por otros presos en una c\u00e1rcel de la provincia de Esmeraldas, fronteriza con Colombia, un hecho que se produjo tres d\u00edas despu\u00e9s de la muerte de otros 14 reclusos en enfrentamientos en una c\u00e1rcel de la provincia de El Oro, fronteriza con Per\u00fa.<\/p>\n<p>\u00abAprovechan el tema de la manifestaci\u00f3n y calientan las c\u00e1rceles. Financian a grupos delincuenciales para que suceda esto\u00bb, dijo el ministro sin referirse directamente a ninguna personas en particular.<\/p>\n<p>Reimberg record\u00f3 que en los \u00faltimos meses han golpeado la estructura econ\u00f3mica y delictiva de los grupos criminales al, por ejemplo, haber incautado de 103 bienes de los Comandos de la Frontera, grupo disidente de la exguerrilla de las Fuerzas Armadas Revolucionarias de Colombia (FARC).<\/p>\n<p>Esas incautaciones tuvieron lugar el pasado 9 de septiembre tras 68 allanamientos en nueve provincias, concretando \u00abel golpe a las estructuras criminales m\u00e1s grandes de Ecuador, que mov\u00eda alrededor de 313 millones de d\u00f3lares\u00bb, seg\u00fan el funcionario.<\/p>\n<p>Esa operaci\u00f3n se dio en el marco de la lucha contra las bandas del crimen organizados que adelanta el Gobierno de Noboa, quien las catalog\u00f3 como \u00abterroristas\u00bb tras declarar, en enero de 2024, al pa\u00eds en \u2018conflicto armado interno\u2019. EFE<\/p>\n","protected":false},"excerpt":{"rendered":"<p>La Asociaci\u00f3n Nacional de Productores y Exportadores de Flores en Ecuador (Expoflores) denunci\u00f3 este viernes que sufren p\u00e9rdidas comerciales millonarias por los reiterados cortes de v\u00edas y el asalto a fincas de producci\u00f3n por parte de manifestantes para forzar a los empleados a unirse al quinto d\u00eda de paro convocado por el movimiento ind\u00edgena. Los [&hellip;]<\/p>\n","protected":false},"author":1,"featured_media":15990,"comment_status":"open","ping_status":"open","sticky":false,"template":"","format":"standard","meta":{"footnotes":""},"categories":[12],"tags":[],"_links":{"self":[{"href":"https:\/\/infozamoraec.com\/index.php\/wp-json\/wp\/v2\/posts\/15989"}],"collection":[{"href":"https:\/\/infozamoraec.com\/index.php\/wp-json\/wp\/v2\/posts"}],"about":[{"href":"https:\/\/infozamoraec.com\/index.php\/wp-json\/wp\/v2\/types\/post"}],"author":[{"embeddable":true,"href":"https:\/\/infozamoraec.com\/index.php\/wp-json\/wp\/v2\/users\/1"}],"replies":[{"embeddable":true,"href":"https:\/\/infozamoraec.com\/index.php\/wp-json\/wp\/v2\/comments?post=15989"}],"version-history":[{"count":1,"href":"https:\/\/infozamoraec.com\/index.php\/wp-json\/wp\/v2\/posts\/15989\/revisions"}],"predecessor-version":[{"id":15991,"href":"https:\/\/infozamoraec.com\/index.php\/wp-json\/wp\/v2\/posts\/15989\/revisions\/15991"}],"wp:featuredmedia":[{"embeddable":true,"href":"https:\/\/infozamoraec.com\/index.php\/wp-json\/wp\/v2\/media\/15990"}],"wp:attachment":[{"href":"https:\/\/infozamoraec.com\/index.php\/wp-json\/wp\/v2\/media?parent=15989"}],"wp:term":[{"taxonomy":"category","embeddable":true,"href":"https:\/\/infozamoraec.com\/index.php\/wp-json\/wp\/v2\/categories?post=15989"},{"taxonomy":"post_tag","embeddable":true,"href":"https:\/\/infozamoraec.com\/index.php\/wp-json\/wp\/v2\/tags?post=15989"}],"curies":[{"name":"wp","href":"https:\/\/api.w.org\/{rel}","templated":true}]}}