{"id":15962,"date":"2025-09-26T02:57:56","date_gmt":"2025-09-26T02:57:56","guid":{"rendered":"https:\/\/infozamoraec.com\/?p=15962"},"modified":"2025-09-26T02:57:56","modified_gmt":"2025-09-26T02:57:56","slug":"trump-afirma-que-el-paracetamol-causa-autismo-pero-la-ciencia-lo-desmiente","status":"publish","type":"post","link":"https:\/\/infozamoraec.com\/index.php\/2025\/09\/26\/trump-afirma-que-el-paracetamol-causa-autismo-pero-la-ciencia-lo-desmiente\/","title":{"rendered":"Trump afirma que el paracetamol causa autismo, pero la ciencia lo desmiente"},"content":{"rendered":"<p>Donald Trump presidente de Estados Unidos, ha generado controversia al asegurar que el consumo de paracetamol durante el embarazo podr\u00eda estar relacionado con un mayor riesgo de autismo. Durante una conferencia de prensa en la Casa Blanca, el mandatario calific\u00f3 el autismo en el pa\u00eds como una \u00abcrisis horrible\u00bb y anunci\u00f3 que su Gobierno pedir\u00eda a la Agencia de Administraci\u00f3n de Alimentos y Medicamentos (FDA) emitir una advertencia a los m\u00e9dicos y cambiar la etiqueta de los medicamentos que contienen paracetamol.<\/p>\n<p>Sin embargo, esta afirmaci\u00f3n va en contra de la posici\u00f3n de la gran mayor\u00eda de la comunidad cient\u00edfica. Expertos de todo el mundo y estudios de gran escala han desmentido la existencia de pruebas s\u00f3lidas que respalden dicha correlaci\u00f3n. A pesar de la contundente declaraci\u00f3n de Trump, las investigaciones cient\u00edficas y las organizaciones m\u00e9dicas no han encontrado un v\u00ednculo causal entre el uso de paracetamol y el autismo.<\/p>\n<p>\u00bfQu\u00e9 dicen los expertos?<br \/>\nEn respuesta al anuncio de Trump, el Colegio Estadounidense de Obstetras y Ginec\u00f3logos emiti\u00f3 un comunicado, reafirmando que el paracetamol es un medicamento seguro para las mujeres embarazadas. Su presidente, el doctor Steven J. Fleischman, destac\u00f3 que las enfermedades que se tratan con este medicamento son \u00abmucho m\u00e1s peligrosas que cualquier riesgo te\u00f3rico\u00bb y pueden causar serios problemas de salud si no son tratadas a tiempo.<\/p>\n<p>Varios cient\u00edficos de prestigio tambi\u00e9n han expresado su rechazo a las declaraciones de Trump. A trav\u00e9s de la plataforma de divulgaci\u00f3n Centro de Ciencia para los Medios, expertos como farmacoepidemi\u00f3logos y genetistas han coincidido en se\u00f1alar que la evidencia m\u00e1s fuerte no apoya la teor\u00eda del presidente. Destacaron un estudio sueco reciente, publicado en la prestigiosa Revista de la Asociaci\u00f3n M\u00e9dica Estadounidense (JAMA), que analiz\u00f3 datos de m\u00e1s de 2,4 millones de nacimientos. Este estudio concluy\u00f3 que el uso de paracetamol durante el<\/p>\n","protected":false},"excerpt":{"rendered":"<p>Donald Trump presidente de Estados Unidos, ha generado controversia al asegurar que el consumo de paracetamol durante el embarazo podr\u00eda estar relacionado con un mayor riesgo de autismo. Durante una conferencia de prensa en la Casa Blanca, el mandatario calific\u00f3 el autismo en el pa\u00eds como una \u00abcrisis horrible\u00bb y anunci\u00f3 que su Gobierno pedir\u00eda [&hellip;]<\/p>\n","protected":false},"author":1,"featured_media":15963,"comment_status":"open","ping_status":"open","sticky":false,"template":"","format":"standard","meta":{"footnotes":""},"categories":[8],"tags":[],"_links":{"self":[{"href":"https:\/\/infozamoraec.com\/index.php\/wp-json\/wp\/v2\/posts\/15962"}],"collection":[{"href":"https:\/\/infozamoraec.com\/index.php\/wp-json\/wp\/v2\/posts"}],"about":[{"href":"https:\/\/infozamoraec.com\/index.php\/wp-json\/wp\/v2\/types\/post"}],"author":[{"embeddable":true,"href":"https:\/\/infozamoraec.com\/index.php\/wp-json\/wp\/v2\/users\/1"}],"replies":[{"embeddable":true,"href":"https:\/\/infozamoraec.com\/index.php\/wp-json\/wp\/v2\/comments?post=15962"}],"version-history":[{"count":2,"href":"https:\/\/infozamoraec.com\/index.php\/wp-json\/wp\/v2\/posts\/15962\/revisions"}],"predecessor-version":[{"id":15965,"href":"https:\/\/infozamoraec.com\/index.php\/wp-json\/wp\/v2\/posts\/15962\/revisions\/15965"}],"wp:featuredmedia":[{"embeddable":true,"href":"https:\/\/infozamoraec.com\/index.php\/wp-json\/wp\/v2\/media\/15963"}],"wp:attachment":[{"href":"https:\/\/infozamoraec.com\/index.php\/wp-json\/wp\/v2\/media?parent=15962"}],"wp:term":[{"taxonomy":"category","embeddable":true,"href":"https:\/\/infozamoraec.com\/index.php\/wp-json\/wp\/v2\/categories?post=15962"},{"taxonomy":"post_tag","embeddable":true,"href":"https:\/\/infozamoraec.com\/index.php\/wp-json\/wp\/v2\/tags?post=15962"}],"curies":[{"name":"wp","href":"https:\/\/api.w.org\/{rel}","templated":true}]}}