{"id":15939,"date":"2025-09-26T02:29:25","date_gmt":"2025-09-26T02:29:25","guid":{"rendered":"https:\/\/infozamoraec.com\/?p=15939"},"modified":"2025-09-26T02:29:25","modified_gmt":"2025-09-26T02:29:25","slug":"cne-convoca-a-consulta-popular-2025-tras-dictamen-de-la-corte-constitucional","status":"publish","type":"post","link":"https:\/\/infozamoraec.com\/index.php\/2025\/09\/26\/cne-convoca-a-consulta-popular-2025-tras-dictamen-de-la-corte-constitucional\/","title":{"rendered":"CNE convoca a Consulta Popular 2025 tras dictamen de la Corte Constitucional"},"content":{"rendered":"<p data-start=\"145\" data-end=\"465\">El Consejo Nacional Electoral (CNE) aprob\u00f3 en sesi\u00f3n plenaria del 25 de septiembre el inicio del proceso y la convocatoria a la \u201cConsulta Popular 2025\u201d, luego de que la Corte Constitucional emitiera un dictamen favorable sobre el Decreto Ejecutivo N.\u00ba 153, relacionado con la instalaci\u00f3n de una Asamblea Constituyente.<\/p>\n<p data-start=\"467\" data-end=\"744\">Con el fin de optimizar recursos, el organismo resolvi\u00f3 unificar procesos, ajustar el calendario electoral y mantener el presupuesto recientemente aprobado. De esta manera, la ciudadan\u00eda acudir\u00e1 a las urnas el domingo 16 de noviembre para pronunciarse sobre varias preguntas.<\/p>\n<p data-start=\"746\" data-end=\"808\">A escala nacional y en el exterior, se someter\u00e1n a consulta:<\/p>\n<ul data-start=\"809\" data-end=\"1036\">\n<li data-start=\"809\" data-end=\"877\">\n<p data-start=\"811\" data-end=\"877\">Un refer\u00e9ndum sobre la presencia de bases militares extranjeras.<\/p>\n<\/li>\n<li data-start=\"878\" data-end=\"952\">\n<p data-start=\"880\" data-end=\"952\">Un refer\u00e9ndum sobre el financiamiento de las organizaciones pol\u00edticas.<\/p>\n<\/li>\n<li data-start=\"953\" data-end=\"1036\">\n<p data-start=\"955\" data-end=\"1036\">Una consulta popular para decidir la instalaci\u00f3n de una Asamblea Constituyente.<\/p>\n<\/li>\n<\/ul>\n<p data-start=\"1038\" data-end=\"1173\">Adicionalmente, en la parroquia Borb\u00f3n, provincia de Esmeraldas, se incorporar\u00e1 una pregunta de consulta popular sobre cantonizaci\u00f3n.<\/p>\n<p data-start=\"1175\" data-end=\"1665\">El CNE inform\u00f3 que, entre el 27 de septiembre y el 1 de octubre, las organizaciones pol\u00edticas y sociales podr\u00e1n inscribirse para realizar campa\u00f1a electoral por las opciones \u201cS\u00ed\u201d o \u201cNo\u201d respecto a la instalaci\u00f3n de la Asamblea Constituyente. Para el registro, las organizaciones de car\u00e1cter nacional deber\u00e1n descargar el formulario en la p\u00e1gina web <a class=\"decorated-link\" href=\"http:\/\/www.cne.gob.ec\" target=\"_new\" rel=\"noopener\" data-start=\"1523\" data-end=\"1537\">www.cne.gob.ec<\/a> y entregar la documentaci\u00f3n en la Secretar\u00eda General del CNE o en cualquiera de las 24 delegaciones provinciales electorales.<\/p>\n","protected":false},"excerpt":{"rendered":"<p>El Consejo Nacional Electoral (CNE) aprob\u00f3 en sesi\u00f3n plenaria del 25 de septiembre el inicio del proceso y la convocatoria a la \u201cConsulta Popular 2025\u201d, luego de que la Corte Constitucional emitiera un dictamen favorable sobre el Decreto Ejecutivo N.\u00ba 153, relacionado con la instalaci\u00f3n de una Asamblea Constituyente. Con el fin de optimizar recursos, [&hellip;]<\/p>\n","protected":false},"author":1,"featured_media":15940,"comment_status":"open","ping_status":"open","sticky":false,"template":"","format":"standard","meta":{"footnotes":""},"categories":[12],"tags":[],"_links":{"self":[{"href":"https:\/\/infozamoraec.com\/index.php\/wp-json\/wp\/v2\/posts\/15939"}],"collection":[{"href":"https:\/\/infozamoraec.com\/index.php\/wp-json\/wp\/v2\/posts"}],"about":[{"href":"https:\/\/infozamoraec.com\/index.php\/wp-json\/wp\/v2\/types\/post"}],"author":[{"embeddable":true,"href":"https:\/\/infozamoraec.com\/index.php\/wp-json\/wp\/v2\/users\/1"}],"replies":[{"embeddable":true,"href":"https:\/\/infozamoraec.com\/index.php\/wp-json\/wp\/v2\/comments?post=15939"}],"version-history":[{"count":1,"href":"https:\/\/infozamoraec.com\/index.php\/wp-json\/wp\/v2\/posts\/15939\/revisions"}],"predecessor-version":[{"id":15941,"href":"https:\/\/infozamoraec.com\/index.php\/wp-json\/wp\/v2\/posts\/15939\/revisions\/15941"}],"wp:featuredmedia":[{"embeddable":true,"href":"https:\/\/infozamoraec.com\/index.php\/wp-json\/wp\/v2\/media\/15940"}],"wp:attachment":[{"href":"https:\/\/infozamoraec.com\/index.php\/wp-json\/wp\/v2\/media?parent=15939"}],"wp:term":[{"taxonomy":"category","embeddable":true,"href":"https:\/\/infozamoraec.com\/index.php\/wp-json\/wp\/v2\/categories?post=15939"},{"taxonomy":"post_tag","embeddable":true,"href":"https:\/\/infozamoraec.com\/index.php\/wp-json\/wp\/v2\/tags?post=15939"}],"curies":[{"name":"wp","href":"https:\/\/api.w.org\/{rel}","templated":true}]}}