{"id":15936,"date":"2025-09-26T02:21:52","date_gmt":"2025-09-26T02:21:52","guid":{"rendered":"https:\/\/infozamoraec.com\/?p=15936"},"modified":"2025-09-26T02:21:52","modified_gmt":"2025-09-26T02:21:52","slug":"moradores-de-guadalupe-protestan-contra-actividades-mineras-en-el-rio-kantzama","status":"publish","type":"post","link":"https:\/\/infozamoraec.com\/index.php\/2025\/09\/26\/moradores-de-guadalupe-protestan-contra-actividades-mineras-en-el-rio-kantzama\/","title":{"rendered":"Moradores de Guadalupe protestan contra actividades mineras en el r\u00edo Kantzama"},"content":{"rendered":"<p data-start=\"175\" data-end=\"428\">Este jueves 25 de septiembre, moradores del centro poblado de la parroquia Guadalupe, en el cant\u00f3n Zamora, cerraron la v\u00eda principal como medida de protesta frente a las actividades de extracci\u00f3n de mineral aur\u00edfero que se realizan en el r\u00edo Kantzama.<\/p>\n<p data-start=\"430\" data-end=\"946\">Los manifestantes argumentaron que la medida de hecho obedece a la falta de atenci\u00f3n de las autoridades, a pesar de los constantes reclamos realizados en las \u00faltimas semanas. Se\u00f1alaron que han denunciado la presencia de maquinaria pesada en el afluente para labores mineras, sin que se haya ejecutado ning\u00fan control efectivo. Seg\u00fan los moradores, la respuesta recibida es que tanto la Polic\u00eda como las Fuerzas Armadas se encuentran atendiendo el paro nacional, lo que ha retrasado las acciones de control en la zona.<\/p>\n<p data-start=\"948\" data-end=\"1435\">Franklin Santos, vocero de la comunidad, record\u00f3 que en la asamblea parroquial realizada en las ultimas horas,\u00a0 se adoptaron varias resoluciones, entre ellas: mantenerse en sesi\u00f3n permanente, solicitar a la gobernadora de la provincia que disponga la intervenci\u00f3n de los organismos competentes del Estado para evitar la continuidad de la miner\u00eda en los r\u00edos Kantzama, El Salado y Piunza, as\u00ed como gestionar la declaratoria de estos afluentes como patrimonio natural del cant\u00f3n y la provincia.<\/p>\n<p data-start=\"1437\" data-end=\"1736\">Adem\u00e1s, resolvieron ejercer el derecho a la resistencia, amparado en la Constituci\u00f3n, en caso de que las autoridades no atiendan sus demandas. Tambi\u00e9n solicitaron que una comitiva parroquial integrada por directivos y ciudadanos sea recibida en comisi\u00f3n por la gobernadora para tratar este asunto.<\/p>\n<p data-start=\"1738\" data-end=\"2048\">Finalmente, exhortaron a los gobiernos parroquiales, cantonal y provincial a incluir en el PDOT y en el Plan de Uso y Gesti\u00f3n del Suelo la importancia de preservar el r\u00edo Kantzama, considerado vital para la econom\u00eda local, el turismo y la conservaci\u00f3n ambiental de la parroquia Guadalupe y del cant\u00f3n Zamora.<\/p>\n","protected":false},"excerpt":{"rendered":"<p>Este jueves 25 de septiembre, moradores del centro poblado de la parroquia Guadalupe, en el cant\u00f3n Zamora, cerraron la v\u00eda principal como medida de protesta frente a las actividades de extracci\u00f3n de mineral aur\u00edfero que se realizan en el r\u00edo Kantzama. Los manifestantes argumentaron que la medida de hecho obedece a la falta de atenci\u00f3n [&hellip;]<\/p>\n","protected":false},"author":1,"featured_media":15937,"comment_status":"open","ping_status":"open","sticky":false,"template":"","format":"standard","meta":{"footnotes":""},"categories":[9],"tags":[],"_links":{"self":[{"href":"https:\/\/infozamoraec.com\/index.php\/wp-json\/wp\/v2\/posts\/15936"}],"collection":[{"href":"https:\/\/infozamoraec.com\/index.php\/wp-json\/wp\/v2\/posts"}],"about":[{"href":"https:\/\/infozamoraec.com\/index.php\/wp-json\/wp\/v2\/types\/post"}],"author":[{"embeddable":true,"href":"https:\/\/infozamoraec.com\/index.php\/wp-json\/wp\/v2\/users\/1"}],"replies":[{"embeddable":true,"href":"https:\/\/infozamoraec.com\/index.php\/wp-json\/wp\/v2\/comments?post=15936"}],"version-history":[{"count":1,"href":"https:\/\/infozamoraec.com\/index.php\/wp-json\/wp\/v2\/posts\/15936\/revisions"}],"predecessor-version":[{"id":15938,"href":"https:\/\/infozamoraec.com\/index.php\/wp-json\/wp\/v2\/posts\/15936\/revisions\/15938"}],"wp:featuredmedia":[{"embeddable":true,"href":"https:\/\/infozamoraec.com\/index.php\/wp-json\/wp\/v2\/media\/15937"}],"wp:attachment":[{"href":"https:\/\/infozamoraec.com\/index.php\/wp-json\/wp\/v2\/media?parent=15936"}],"wp:term":[{"taxonomy":"category","embeddable":true,"href":"https:\/\/infozamoraec.com\/index.php\/wp-json\/wp\/v2\/categories?post=15936"},{"taxonomy":"post_tag","embeddable":true,"href":"https:\/\/infozamoraec.com\/index.php\/wp-json\/wp\/v2\/tags?post=15936"}],"curies":[{"name":"wp","href":"https:\/\/api.w.org\/{rel}","templated":true}]}}