{"id":15933,"date":"2025-09-26T01:57:26","date_gmt":"2025-09-26T01:57:26","guid":{"rendered":"https:\/\/infozamoraec.com\/?p=15933"},"modified":"2025-09-26T01:57:26","modified_gmt":"2025-09-26T01:57:26","slug":"final-amazonica-de-4x4-se-reprograma-para-el-4-de-octubre-en-zamora-chinchipe","status":"publish","type":"post","link":"https:\/\/infozamoraec.com\/index.php\/2025\/09\/26\/final-amazonica-de-4x4-se-reprograma-para-el-4-de-octubre-en-zamora-chinchipe\/","title":{"rendered":"Final Amaz\u00f3nica de 4&#215;4 se reprograma para el 4 de octubre en Zamora Chinchipe"},"content":{"rendered":"<p data-start=\"164\" data-end=\"399\">La Final Amaz\u00f3nica de 4&#215;4, que estaba prevista para este s\u00e1bado 27 de septiembre en Zamora Chinchipe, fue reprogramada para el s\u00e1bado 4 de octubre de 2025 debido al paro nacional que afecta la movilidad en varias provincias del pa\u00eds.<\/p>\n<p data-start=\"401\" data-end=\"734\">Diego Regalado, presidente del Club 4&#215;4, inform\u00f3 que el cronograma de actividades se mantiene sin cambios y que la \u00fanica modificaci\u00f3n corresponde a la fecha del evento. Explic\u00f3 que la decisi\u00f3n fue adoptada por la directiva regional de 4&#215;4 de la Amazon\u00eda tras analizar las dificultades de transporte generadas por el cierre de v\u00edas.<\/p>\n<p data-start=\"736\" data-end=\"888\">\u201cEl objetivo es precautelar la seguridad de competidores, espectadores y organizadores que se desplazan desde diferentes provincias\u201d, se\u00f1al\u00f3 Regalado.<\/p>\n<p data-start=\"890\" data-end=\"1186\">El dirigente a\u00f1adi\u00f3 que la postergaci\u00f3n brinda tiempo adicional para ajustar detalles log\u00edsticos y asegurar un espect\u00e1culo deportivo de calidad. Asimismo, pidi\u00f3 comprensi\u00f3n a la ciudadan\u00eda y a los auspiciantes, ratificando que la competencia no ha sido suspendida, sino \u00fanicamente reprogramada.<\/p>\n<p data-start=\"1188\" data-end=\"1406\">La Final Amaz\u00f3nica de 4&#215;4 es uno de los eventos deportivos m\u00e1s esperados en la regi\u00f3n y se mantiene en pie con la expectativa de congregar a p\u00fablico local y visitantes de distintas provincias el pr\u00f3ximo 4 de octubre.<\/p>\n","protected":false},"excerpt":{"rendered":"<p>La Final Amaz\u00f3nica de 4&#215;4, que estaba prevista para este s\u00e1bado 27 de septiembre en Zamora Chinchipe, fue reprogramada para el s\u00e1bado 4 de octubre de 2025 debido al paro nacional que afecta la movilidad en varias provincias del pa\u00eds. Diego Regalado, presidente del Club 4&#215;4, inform\u00f3 que el cronograma de actividades se mantiene sin [&hellip;]<\/p>\n","protected":false},"author":1,"featured_media":15934,"comment_status":"open","ping_status":"open","sticky":false,"template":"","format":"standard","meta":{"footnotes":""},"categories":[9],"tags":[],"_links":{"self":[{"href":"https:\/\/infozamoraec.com\/index.php\/wp-json\/wp\/v2\/posts\/15933"}],"collection":[{"href":"https:\/\/infozamoraec.com\/index.php\/wp-json\/wp\/v2\/posts"}],"about":[{"href":"https:\/\/infozamoraec.com\/index.php\/wp-json\/wp\/v2\/types\/post"}],"author":[{"embeddable":true,"href":"https:\/\/infozamoraec.com\/index.php\/wp-json\/wp\/v2\/users\/1"}],"replies":[{"embeddable":true,"href":"https:\/\/infozamoraec.com\/index.php\/wp-json\/wp\/v2\/comments?post=15933"}],"version-history":[{"count":1,"href":"https:\/\/infozamoraec.com\/index.php\/wp-json\/wp\/v2\/posts\/15933\/revisions"}],"predecessor-version":[{"id":15935,"href":"https:\/\/infozamoraec.com\/index.php\/wp-json\/wp\/v2\/posts\/15933\/revisions\/15935"}],"wp:featuredmedia":[{"embeddable":true,"href":"https:\/\/infozamoraec.com\/index.php\/wp-json\/wp\/v2\/media\/15934"}],"wp:attachment":[{"href":"https:\/\/infozamoraec.com\/index.php\/wp-json\/wp\/v2\/media?parent=15933"}],"wp:term":[{"taxonomy":"category","embeddable":true,"href":"https:\/\/infozamoraec.com\/index.php\/wp-json\/wp\/v2\/categories?post=15933"},{"taxonomy":"post_tag","embeddable":true,"href":"https:\/\/infozamoraec.com\/index.php\/wp-json\/wp\/v2\/tags?post=15933"}],"curies":[{"name":"wp","href":"https:\/\/api.w.org\/{rel}","templated":true}]}}