{"id":15924,"date":"2025-09-25T02:19:51","date_gmt":"2025-09-25T02:19:51","guid":{"rendered":"https:\/\/infozamoraec.com\/?p=15924"},"modified":"2025-09-25T02:19:51","modified_gmt":"2025-09-25T02:19:51","slug":"jet-privado-se-estrella-en-aeropuerto-de-venezuela","status":"publish","type":"post","link":"https:\/\/infozamoraec.com\/index.php\/2025\/09\/25\/jet-privado-se-estrella-en-aeropuerto-de-venezuela\/","title":{"rendered":"Jet privado se estrella en aeropuerto de Venezuela"},"content":{"rendered":"<p>El jet privado modelo Learjet 55, con matr\u00edcula venezolana YV-3440, se estrell\u00f3 este mi\u00e9rcoles (24.09.2025) poco despu\u00e9s de despegar del Aeropuerto Internacional Sim\u00f3n Bol\u00edvar de Maiquet\u00eda, principal terminal a\u00e9rea del pa\u00eds, ubicado en el estado costero de La Guaira, cercano a Caracas.<\/p>\n<p>El Instituto Nacional de Aeron\u00e1utica Civil (INAC) confirm\u00f3 que al menos dos personas fueron rescatadas con vida y se encuentran en condici\u00f3n estable tras recibir atenci\u00f3n m\u00e9dica inmediata.<\/p>\n<p>El siniestro ocurri\u00f3 a las 12:52 hora local (16:52 GMT), seg\u00fan el INAC, que activ\u00f3 de inmediato los protocolos de b\u00fasqueda y salvamento. Para las 15:00 horas locales, el incendio generado por el impacto ya hab\u00eda sido controlado. Testigos reportaron una densa columna de humo gris elev\u00e1ndose desde una zona cercana a la pista, mientras que pobladores de La Guaira mencionaron r\u00e1fagas de viento inusuales que tumbaron \u00e1rboles en horas previas al accidente.<\/p>\n<p>Sin embargo, la instituci\u00f3n no ha precisado cu\u00e1ntas personas se encontraban a bordo de la aeronave, ni ha confirmado si hubo v\u00edctimas fatales. Tampoco se ha informado hacia d\u00f3nde se dirig\u00eda el vuelo, dejando muchas interrogantes acerca del caso.<\/p>\n<p>En una publicaci\u00f3n en redes sociales, el INAC anunci\u00f3 la conformaci\u00f3n de una Junta de Investigaci\u00f3n de Accidentes para esclarecer las causas del siniestro.<\/p>\n<p>De acuerdo con el rastreador de vuelos FlightAware, el jet hab\u00eda estado la ma\u00f1ana del mi\u00e9rcoles en las cercan\u00edas de Charallave, estado Miranda, y en las \u00faltimas dos semanas hab\u00eda realizado varios vuelos entre Venezuela, Cuba y Panam\u00e1.<\/p>\n<p>El accidente ocurre en un contexto de creciente tensi\u00f3n entre Caracas y Washington, tras el despliegue de buques de guerra estadounidenses en el Caribe como parte de una operaci\u00f3n contra el narcotr\u00e1fico. Esta coincidencia ha generado una ola de especulaci\u00f3n y rumores en redes sociales sobre posibles v\u00ednculos entre el siniestro y el ambiente geopol\u00edtico actual.<\/p>\n<p>os (efe afp)<\/p>\n","protected":false},"excerpt":{"rendered":"<p>El jet privado modelo Learjet 55, con matr\u00edcula venezolana YV-3440, se estrell\u00f3 este mi\u00e9rcoles (24.09.2025) poco despu\u00e9s de despegar del Aeropuerto Internacional Sim\u00f3n Bol\u00edvar de Maiquet\u00eda, principal terminal a\u00e9rea del pa\u00eds, ubicado en el estado costero de La Guaira, cercano a Caracas. El Instituto Nacional de Aeron\u00e1utica Civil (INAC) confirm\u00f3 que al menos dos personas [&hellip;]<\/p>\n","protected":false},"author":1,"featured_media":15925,"comment_status":"open","ping_status":"open","sticky":false,"template":"","format":"standard","meta":{"footnotes":""},"categories":[8],"tags":[],"_links":{"self":[{"href":"https:\/\/infozamoraec.com\/index.php\/wp-json\/wp\/v2\/posts\/15924"}],"collection":[{"href":"https:\/\/infozamoraec.com\/index.php\/wp-json\/wp\/v2\/posts"}],"about":[{"href":"https:\/\/infozamoraec.com\/index.php\/wp-json\/wp\/v2\/types\/post"}],"author":[{"embeddable":true,"href":"https:\/\/infozamoraec.com\/index.php\/wp-json\/wp\/v2\/users\/1"}],"replies":[{"embeddable":true,"href":"https:\/\/infozamoraec.com\/index.php\/wp-json\/wp\/v2\/comments?post=15924"}],"version-history":[{"count":1,"href":"https:\/\/infozamoraec.com\/index.php\/wp-json\/wp\/v2\/posts\/15924\/revisions"}],"predecessor-version":[{"id":15926,"href":"https:\/\/infozamoraec.com\/index.php\/wp-json\/wp\/v2\/posts\/15924\/revisions\/15926"}],"wp:featuredmedia":[{"embeddable":true,"href":"https:\/\/infozamoraec.com\/index.php\/wp-json\/wp\/v2\/media\/15925"}],"wp:attachment":[{"href":"https:\/\/infozamoraec.com\/index.php\/wp-json\/wp\/v2\/media?parent=15924"}],"wp:term":[{"taxonomy":"category","embeddable":true,"href":"https:\/\/infozamoraec.com\/index.php\/wp-json\/wp\/v2\/categories?post=15924"},{"taxonomy":"post_tag","embeddable":true,"href":"https:\/\/infozamoraec.com\/index.php\/wp-json\/wp\/v2\/tags?post=15924"}],"curies":[{"name":"wp","href":"https:\/\/api.w.org\/{rel}","templated":true}]}}