{"id":15918,"date":"2025-09-25T02:15:53","date_gmt":"2025-09-25T02:15:53","guid":{"rendered":"https:\/\/infozamoraec.com\/?p=15918"},"modified":"2025-09-25T02:15:53","modified_gmt":"2025-09-25T02:15:53","slug":"gobierno-de-daniel-noboa-suspendio-la-senal-de-un-canal-de-television-en-cotopaxi-por-seguridad-nacional","status":"publish","type":"post","link":"https:\/\/infozamoraec.com\/index.php\/2025\/09\/25\/gobierno-de-daniel-noboa-suspendio-la-senal-de-un-canal-de-television-en-cotopaxi-por-seguridad-nacional\/","title":{"rendered":"Gobierno de Daniel Noboa suspendi\u00f3 la se\u00f1al de un canal de televisi\u00f3n en Cotopaxi por seguridad nacional"},"content":{"rendered":"<p>La\u00a0<strong>Agencia de Regulaci\u00f3n y Control de las Telecomunicaciones (Arcotel)<\/strong>\u00a0dict\u00f3 medidas provisionales de protecci\u00f3n para mantener el \u201corden y la seguridad nacional\u201d, en la coyuntura del paro nacional, con las que suspendi\u00f3 la emisi\u00f3n de la se\u00f1al del medio de comunicaci\u00f3n comunitario fundado por el<strong>\u00a0Movimiento Ind\u00edgena y Campesino de Cotopaxi (MICC).<\/strong><\/p>\n<p>\u201cCon el fin de precautelar el orden p\u00fablico y la seguridad nacional (&#8230;) es procedente emitir las medidas provisionales de protecci\u00f3n consagradas en el art\u00edculo 180 del C\u00f3digo Org\u00e1nico Administrativo y, en este caso concreto, la suspensi\u00f3n de la actividad, es decir, la suspensi\u00f3n de emisiones del canal 47 UHF\u201d, establece una resoluci\u00f3n del organismo emitida el 23 de septiembre de 2025.<\/p>\n<p>Esta suspensi\u00f3n se extender\u00e1 por quince d\u00edas y se habr\u00eda producido con base en un informe calificado como secreto elaborado por el\u00a0<strong>Centro de Inteligencia Estrat\u00e9gica (CIE)\u00a0<\/strong>en el que se argumenta \u2014seg\u00fan la resoluci\u00f3n\u2014 que hay \u201caspectos que perjudican a la seguridad nacional en virtud de transmisiones emitidas por el Movimiento Ind\u00edgena y Campesino de Cotopaxi\u201d.<\/p>\n<p>En respuesta, el MICC hizo una\u00a0<strong>denuncia p\u00fablica\u00a0<\/strong>en contra del gobierno de Daniel Noboa, al disponer la suspensi\u00f3n de la transmisi\u00f3n de la se\u00f1al del medio de comunicaci\u00f3n comunitario TV MICC, que se origina en esa provincia.<\/p>\n<p>\u201cArcotel resolvi\u00f3 suspender las emisiones de canal comunitario TV MICC (canal 47 UHF) en Latacunga, Salcedo, Ambato, Cevallos, Quero, Pelileo, y Tisaleo, ampar\u00e1ndose en el supuesto de precautelar el orden p\u00fablico y la seguridad nacional. (&#8230;) Esto constituye un acto de censura directa, contraria al derecho constitucional de la libertad de expresi\u00f3n, comunicaci\u00f3n y resistencia\u201d, expresa una comunicaci\u00f3n de la organizaci\u00f3n ind\u00edgena presidida por Rafael Negrete.<\/p>\n<p>El MICC asegura que esta suspensi\u00f3n incurre en violalciones al art\u00edculo 16 de la Constituci\u00f3n, sobre el derecho a la libertad de expresi\u00f3n y a fundar medios de comunicaci\u00f3n comunitarios. Un \u201catropello\u201d a normas internacionales y \u201cun intento de criminalizar y silenciar la voz del movimiento ind\u00edgena y campesino en Cotopaxi y en todo el pa\u00eds\u201d.<\/p>\n<p>Piden al Gobierno nacional que se restituya la se\u00f1al de su estaci\u00f3n de televisi\u00f3n y el \u201ccese de pr\u00e1cticas autoritarias\u201d.<\/p>\n<p>Esta medida gubernamental se produce en el<strong>\u00a0tercer d\u00eda de protestas\u00a0<\/strong>en varias provincias del pa\u00eds, convocadas por la\u00a0<strong>Confederaci\u00f3n de Nacionalidades Ind\u00edgenas (Conaie)<\/strong>, en rechazo a la eliminaci\u00f3n del subsidio al di\u00e9sel, ordenada por el presidente de la Rep\u00fablica, Daniel Noboa.<\/p>\n<p>En las \u00faltimas horas ha ido escalando el nivel de participaci\u00f3n de comunidades ind\u00edgenas en apoyo a las medidas de hecho, como el cierre de carreteras y enfrentamientos con la fuerza p\u00fablica.<\/p>\n","protected":false},"excerpt":{"rendered":"<p>La\u00a0Agencia de Regulaci\u00f3n y Control de las Telecomunicaciones (Arcotel)\u00a0dict\u00f3 medidas provisionales de protecci\u00f3n para mantener el \u201corden y la seguridad nacional\u201d, en la coyuntura del paro nacional, con las que suspendi\u00f3 la emisi\u00f3n de la se\u00f1al del medio de comunicaci\u00f3n comunitario fundado por el\u00a0Movimiento Ind\u00edgena y Campesino de Cotopaxi (MICC). \u201cCon el fin de precautelar [&hellip;]<\/p>\n","protected":false},"author":1,"featured_media":15919,"comment_status":"open","ping_status":"open","sticky":false,"template":"","format":"standard","meta":{"footnotes":""},"categories":[12],"tags":[],"_links":{"self":[{"href":"https:\/\/infozamoraec.com\/index.php\/wp-json\/wp\/v2\/posts\/15918"}],"collection":[{"href":"https:\/\/infozamoraec.com\/index.php\/wp-json\/wp\/v2\/posts"}],"about":[{"href":"https:\/\/infozamoraec.com\/index.php\/wp-json\/wp\/v2\/types\/post"}],"author":[{"embeddable":true,"href":"https:\/\/infozamoraec.com\/index.php\/wp-json\/wp\/v2\/users\/1"}],"replies":[{"embeddable":true,"href":"https:\/\/infozamoraec.com\/index.php\/wp-json\/wp\/v2\/comments?post=15918"}],"version-history":[{"count":1,"href":"https:\/\/infozamoraec.com\/index.php\/wp-json\/wp\/v2\/posts\/15918\/revisions"}],"predecessor-version":[{"id":15920,"href":"https:\/\/infozamoraec.com\/index.php\/wp-json\/wp\/v2\/posts\/15918\/revisions\/15920"}],"wp:featuredmedia":[{"embeddable":true,"href":"https:\/\/infozamoraec.com\/index.php\/wp-json\/wp\/v2\/media\/15919"}],"wp:attachment":[{"href":"https:\/\/infozamoraec.com\/index.php\/wp-json\/wp\/v2\/media?parent=15918"}],"wp:term":[{"taxonomy":"category","embeddable":true,"href":"https:\/\/infozamoraec.com\/index.php\/wp-json\/wp\/v2\/categories?post=15918"},{"taxonomy":"post_tag","embeddable":true,"href":"https:\/\/infozamoraec.com\/index.php\/wp-json\/wp\/v2\/tags?post=15918"}],"curies":[{"name":"wp","href":"https:\/\/api.w.org\/{rel}","templated":true}]}}