{"id":15915,"date":"2025-09-25T02:02:05","date_gmt":"2025-09-25T02:02:05","guid":{"rendered":"https:\/\/infozamoraec.com\/?p=15915"},"modified":"2025-09-25T02:02:05","modified_gmt":"2025-09-25T02:02:05","slug":"hay-12-procesados-por-terrorismo-en-las-protestas-de-la-conaie","status":"publish","type":"post","link":"https:\/\/infozamoraec.com\/index.php\/2025\/09\/25\/hay-12-procesados-por-terrorismo-en-las-protestas-de-la-conaie\/","title":{"rendered":"Hay 12 procesados por terrorismo en las protestas de la Conaie"},"content":{"rendered":"<p>La justicia ecuatoriana orden\u00f3 la prisi\u00f3n preventiva para 12 de los 13 acusados de terrorismo por su presunta participaci\u00f3n en los ataques a un destacamento policial en Otavalo, en la provincia de Imbabura, epicentro de las protestas ind\u00edgenas contra a la eliminaci\u00f3n del subsidio al di\u00e9sel decretada por el Gobierno.<\/p>\n<p>Todos ingresaron a prisi\u00f3n menos una mujer a la que se le impusieron medidas alternativas, indic\u00f3 este mi\u00e9rcoles la Fiscal\u00eda General del Estado.El pasado lunes, alrededor de un millar de personas atacaron en Otavalo un destacamento policial, da\u00f1aron su infraestructura y quemaron veh\u00edculos policiales y particulares, inform\u00f3 la Polic\u00eda Nacional.<\/p>\n<p>Seg\u00fan la Fiscal\u00eda, los autores irrumpieron en las oficinas, rompieron el port\u00f3n de ingreso, sustrajeron documentos e incendiaron m\u00e1s de 10 veh\u00edculos.El Ministerio Publico present\u00f3 pruebas de que dos agentes policiales fueron agredidos con piedras y que fueron ellos quienes identificaron a los ahora procesados.<\/p>\n<p>Tambi\u00e9n se se\u00f1al\u00f3 a los detenidos de portar explosivos artesanales, bombas molotov y escudos met\u00e1licos.Entre los arrestados hay ciudadanos venezolanos acusados de acceder al pa\u00eds andino de manera irregular y presuntamente integrantes del grupo criminal Tren de Aragua, catalogado por Ecuador como \u00abterrorista\u00bb, seg\u00fan detall\u00f3 el ministro del Interior, John Reimberg.<\/p>\n","protected":false},"excerpt":{"rendered":"<p>La justicia ecuatoriana orden\u00f3 la prisi\u00f3n preventiva para 12 de los 13 acusados de terrorismo por su presunta participaci\u00f3n en los ataques a un destacamento policial en Otavalo, en la provincia de Imbabura, epicentro de las protestas ind\u00edgenas contra a la eliminaci\u00f3n del subsidio al di\u00e9sel decretada por el Gobierno. Todos ingresaron a prisi\u00f3n menos [&hellip;]<\/p>\n","protected":false},"author":1,"featured_media":15916,"comment_status":"open","ping_status":"open","sticky":false,"template":"","format":"standard","meta":{"footnotes":""},"categories":[12],"tags":[],"_links":{"self":[{"href":"https:\/\/infozamoraec.com\/index.php\/wp-json\/wp\/v2\/posts\/15915"}],"collection":[{"href":"https:\/\/infozamoraec.com\/index.php\/wp-json\/wp\/v2\/posts"}],"about":[{"href":"https:\/\/infozamoraec.com\/index.php\/wp-json\/wp\/v2\/types\/post"}],"author":[{"embeddable":true,"href":"https:\/\/infozamoraec.com\/index.php\/wp-json\/wp\/v2\/users\/1"}],"replies":[{"embeddable":true,"href":"https:\/\/infozamoraec.com\/index.php\/wp-json\/wp\/v2\/comments?post=15915"}],"version-history":[{"count":1,"href":"https:\/\/infozamoraec.com\/index.php\/wp-json\/wp\/v2\/posts\/15915\/revisions"}],"predecessor-version":[{"id":15917,"href":"https:\/\/infozamoraec.com\/index.php\/wp-json\/wp\/v2\/posts\/15915\/revisions\/15917"}],"wp:featuredmedia":[{"embeddable":true,"href":"https:\/\/infozamoraec.com\/index.php\/wp-json\/wp\/v2\/media\/15916"}],"wp:attachment":[{"href":"https:\/\/infozamoraec.com\/index.php\/wp-json\/wp\/v2\/media?parent=15915"}],"wp:term":[{"taxonomy":"category","embeddable":true,"href":"https:\/\/infozamoraec.com\/index.php\/wp-json\/wp\/v2\/categories?post=15915"},{"taxonomy":"post_tag","embeddable":true,"href":"https:\/\/infozamoraec.com\/index.php\/wp-json\/wp\/v2\/tags?post=15915"}],"curies":[{"name":"wp","href":"https:\/\/api.w.org\/{rel}","templated":true}]}}