{"id":15912,"date":"2025-09-25T01:59:43","date_gmt":"2025-09-25T01:59:43","guid":{"rendered":"https:\/\/infozamoraec.com\/?p=15912"},"modified":"2025-09-25T02:00:49","modified_gmt":"2025-09-25T02:00:49","slug":"corte-constitucional-aprueba-iniciativa-de-noboa-para-llamar-a-consulta-para-constituyente","status":"publish","type":"post","link":"https:\/\/infozamoraec.com\/index.php\/2025\/09\/25\/corte-constitucional-aprueba-iniciativa-de-noboa-para-llamar-a-consulta-para-constituyente\/","title":{"rendered":"Corte Constitucional aprueba iniciativa de Noboa para llamar a consulta para Constituyente"},"content":{"rendered":"<p>A trav\u00e9s de un comunicado oficial, la Corte Constitucional indic\u00f3 que aprob\u00f3 la pregunta para el refer\u00e9ndum de llamar a una nueva Asamblea Constituyente la cual es una propuesta del presidente Daniel Noboa para que, en una consulta popular, la ciudadan\u00eda decida si quiere la convocatoria para una Constituyente con el fin de eliminar la Constituci\u00f3n de Montecristi aprobada durante el corre\u00edsmo.<\/p>\n<p>La pregunta de la Constituyente ser\u00e1 enviada al CNE y se incluir\u00e1 en la papeleta del 16 de noviembre, donde los ciudadanos tambi\u00e9n se pronunciar\u00e1n respecto a dos preguntas de refer\u00e9ndum: instalaci\u00f3n de bases militares extranjeras y eliminaci\u00f3n de financiamiento estatal a partidos pol\u00edticos.<\/p>\n<p>La pregunta sobre la Asamblea Constituyente es la siguiente: \u00ab\u00bfEst\u00e1 usted de acuerdo en que se convoque e instale una Asamblea Constituyente, cuyos representantes sean elegidos por el pueblo ecuatoriano, de acuerdo con las reglas electorales previstas en el Estatuto Constituyente adjunto , para elbaorar una nueva Constituci\u00f3n de la Rep\u00fablica, la cual entrar\u00e1 en vigencia \u00fanicamente si es aprobada posteriormente por los ecuatorianos en ref\u00e9r\u00e9ndum?\u00bb<\/p>\n<p>De su lado, la presidente del Consejo Nacional Electoral (CNE), Diana Atamaint reconoci\u00f3 la decisi\u00f3n de la Corte Constitucional e indic\u00f3 que la pregunta ser\u00e1 inmediatamente anexada a los dos anteriores para ser consultada en refer\u00e9ndum.<\/p>\n<p>El pleno de la Corte Constitucional ya hab\u00eda aprobado, la noche de este martes 23 de septiembre, que el Consejo Nacional Electoral convoque a una consulta popular para instalar una Asamblea Constituyente, con la condici\u00f3n de que el Gobierno \u00absubsane\u00bb, o elimine, trece de los art\u00edculos (de los considerandos) del Decreto 153 y que reforme otro art\u00edculo del Estatuto propuesto por el Gobierno para dicha elecci\u00f3n.<\/p>\n<p>La Corte ha concluido que trece de esos considerandos \u00abno cumplen con los par\u00e1metros legales previstos en el art\u00edclulo 104 de la Ley Org\u00e1nica de Control Constitucional\u00bb. \u00abSin embargo\u00bb, a\u00f1ade, \u00absi se eliminaran los restantes ser\u00edan suficientes para satisfacer las exigencias legales que permitan al pueblo decidir de manera libre e informada\u00bb.<\/p>\n<p>Sobre el Estatuto, la Corte resolvi\u00f3 que las reglas del art\u00edculo cinco no son claras para determinar las circunscripciones territoriales y que la regulaci\u00f3n del m\u00e9todo de adjudicaci\u00f3n de esca\u00f1os carece de precisi\u00f3n, lo que impide establecer con exactitud el tama\u00f1o de la Asamblea Constituyente.<\/p>\n<p>Por la que la Corte resolvi\u00f3 que \u00abel presidente de la Rep\u00fablica puede subsanar los aspectos se\u00f1alados en los considerandos y en el art\u00edculo cinco en conexi\u00f3n con el art\u00edculo cuatro del Estatuto\u00bb. Y que el Consejo Nacional Electoral solo puede continuar con el proceso cuando el Ejecutivo remita las correcciones y estas sean \u00abverificadas y resuelto por la Corte\u00bb.<\/p>\n","protected":false},"excerpt":{"rendered":"<p>A trav\u00e9s de un comunicado oficial, la Corte Constitucional indic\u00f3 que aprob\u00f3 la pregunta para el refer\u00e9ndum de llamar a una nueva Asamblea Constituyente la cual es una propuesta del presidente Daniel Noboa para que, en una consulta popular, la ciudadan\u00eda decida si quiere la convocatoria para una Constituyente con el fin de eliminar la [&hellip;]<\/p>\n","protected":false},"author":1,"featured_media":15913,"comment_status":"open","ping_status":"open","sticky":false,"template":"","format":"standard","meta":{"footnotes":""},"categories":[12],"tags":[],"_links":{"self":[{"href":"https:\/\/infozamoraec.com\/index.php\/wp-json\/wp\/v2\/posts\/15912"}],"collection":[{"href":"https:\/\/infozamoraec.com\/index.php\/wp-json\/wp\/v2\/posts"}],"about":[{"href":"https:\/\/infozamoraec.com\/index.php\/wp-json\/wp\/v2\/types\/post"}],"author":[{"embeddable":true,"href":"https:\/\/infozamoraec.com\/index.php\/wp-json\/wp\/v2\/users\/1"}],"replies":[{"embeddable":true,"href":"https:\/\/infozamoraec.com\/index.php\/wp-json\/wp\/v2\/comments?post=15912"}],"version-history":[{"count":1,"href":"https:\/\/infozamoraec.com\/index.php\/wp-json\/wp\/v2\/posts\/15912\/revisions"}],"predecessor-version":[{"id":15914,"href":"https:\/\/infozamoraec.com\/index.php\/wp-json\/wp\/v2\/posts\/15912\/revisions\/15914"}],"wp:featuredmedia":[{"embeddable":true,"href":"https:\/\/infozamoraec.com\/index.php\/wp-json\/wp\/v2\/media\/15913"}],"wp:attachment":[{"href":"https:\/\/infozamoraec.com\/index.php\/wp-json\/wp\/v2\/media?parent=15912"}],"wp:term":[{"taxonomy":"category","embeddable":true,"href":"https:\/\/infozamoraec.com\/index.php\/wp-json\/wp\/v2\/categories?post=15912"},{"taxonomy":"post_tag","embeddable":true,"href":"https:\/\/infozamoraec.com\/index.php\/wp-json\/wp\/v2\/tags?post=15912"}],"curies":[{"name":"wp","href":"https:\/\/api.w.org\/{rel}","templated":true}]}}