{"id":15889,"date":"2025-09-25T01:27:32","date_gmt":"2025-09-25T01:27:32","guid":{"rendered":"https:\/\/infozamoraec.com\/?p=15889"},"modified":"2025-09-25T01:57:14","modified_gmt":"2025-09-25T01:57:14","slug":"jose-asuero-fue-acogido-en-el-centro-de-atencion-inclusiva-de-zamora","status":"publish","type":"post","link":"https:\/\/infozamoraec.com\/index.php\/2025\/09\/25\/jose-asuero-fue-acogido-en-el-centro-de-atencion-inclusiva-de-zamora\/","title":{"rendered":"Jos\u00e9 Asuero fue acogido en el Centro de Atenci\u00f3n Inclusiva de Zamora"},"content":{"rendered":"<p data-start=\"136\" data-end=\"416\">El martes 23 de septiembre de 2025, Jos\u00e9 Asuero, conocido como \u201cPlatanito\u201d, fue oficialmente recibido en el Centro de Referencia de Atenci\u00f3n Inclusiva Monse\u00f1or Jorge Mosquera Barreiro (CRAI), donde contar\u00e1 con un hogar digno, alimentaci\u00f3n diaria y atenci\u00f3n profesional integral.<\/p>\n<p data-start=\"418\" data-end=\"693\">El acto cont\u00f3 con la presencia del alcalde de Zamora, Manuel Gonz\u00e1lez; la delegada provincial de la Defensor\u00eda del Pueblo, Andrea Rivadeneira; y el ciudadano Patricio Samaniego, quien ha acompa\u00f1ado durante a\u00f1os la situaci\u00f3n de Asuero a trav\u00e9s de una labor social constante.<\/p>\n<p data-start=\"695\" data-end=\"944\">Andrea Rivadeneira destac\u00f3 la importancia de la articulaci\u00f3n interinstitucional para garantizar derechos a personas en situaci\u00f3n de vulnerabilidad, subrayando que este ingreso refleja el trabajo conjunto entre sociedad civil y autoridades locales.<\/p>\n<p data-start=\"946\" data-end=\"1186\">Por su parte, el alcalde Manuel Gonz\u00e1lez se\u00f1al\u00f3 que la administraci\u00f3n municipal mantiene el compromiso de fortalecer la atenci\u00f3n social y asegur\u00f3 que el CRAI representa un espacio abierto para brindar oportunidades a quienes lo necesitan.<\/p>\n<p data-start=\"1188\" data-end=\"1351\">En tanto, Patricio Samaniego expres\u00f3 su satisfacci\u00f3n por la acogida de Asuero y resalt\u00f3 que este paso refleja el valor de la solidaridad y el esfuerzo colectivo.<\/p>\n<p data-start=\"1353\" data-end=\"1541\">El ingreso de Jos\u00e9 Asuero al CRAI marca un avance en el objetivo de construir una sociedad m\u00e1s inclusiva y con mayores garant\u00edas de dignidad para personas en situaci\u00f3n de vulnerabilidad.<\/p>\n","protected":false},"excerpt":{"rendered":"<p>El martes 23 de septiembre de 2025, Jos\u00e9 Asuero, conocido como \u201cPlatanito\u201d, fue oficialmente recibido en el Centro de Referencia de Atenci\u00f3n Inclusiva Monse\u00f1or Jorge Mosquera Barreiro (CRAI), donde contar\u00e1 con un hogar digno, alimentaci\u00f3n diaria y atenci\u00f3n profesional integral. El acto cont\u00f3 con la presencia del alcalde de Zamora, Manuel Gonz\u00e1lez; la delegada provincial [&hellip;]<\/p>\n","protected":false},"author":1,"featured_media":15890,"comment_status":"open","ping_status":"open","sticky":false,"template":"","format":"standard","meta":{"footnotes":""},"categories":[9],"tags":[],"_links":{"self":[{"href":"https:\/\/infozamoraec.com\/index.php\/wp-json\/wp\/v2\/posts\/15889"}],"collection":[{"href":"https:\/\/infozamoraec.com\/index.php\/wp-json\/wp\/v2\/posts"}],"about":[{"href":"https:\/\/infozamoraec.com\/index.php\/wp-json\/wp\/v2\/types\/post"}],"author":[{"embeddable":true,"href":"https:\/\/infozamoraec.com\/index.php\/wp-json\/wp\/v2\/users\/1"}],"replies":[{"embeddable":true,"href":"https:\/\/infozamoraec.com\/index.php\/wp-json\/wp\/v2\/comments?post=15889"}],"version-history":[{"count":2,"href":"https:\/\/infozamoraec.com\/index.php\/wp-json\/wp\/v2\/posts\/15889\/revisions"}],"predecessor-version":[{"id":15892,"href":"https:\/\/infozamoraec.com\/index.php\/wp-json\/wp\/v2\/posts\/15889\/revisions\/15892"}],"wp:featuredmedia":[{"embeddable":true,"href":"https:\/\/infozamoraec.com\/index.php\/wp-json\/wp\/v2\/media\/15890"}],"wp:attachment":[{"href":"https:\/\/infozamoraec.com\/index.php\/wp-json\/wp\/v2\/media?parent=15889"}],"wp:term":[{"taxonomy":"category","embeddable":true,"href":"https:\/\/infozamoraec.com\/index.php\/wp-json\/wp\/v2\/categories?post=15889"},{"taxonomy":"post_tag","embeddable":true,"href":"https:\/\/infozamoraec.com\/index.php\/wp-json\/wp\/v2\/tags?post=15889"}],"curies":[{"name":"wp","href":"https:\/\/api.w.org\/{rel}","templated":true}]}}