{"id":15885,"date":"2025-09-25T01:24:50","date_gmt":"2025-09-25T01:24:50","guid":{"rendered":"https:\/\/infozamoraec.com\/?p=15885"},"modified":"2025-09-25T01:24:50","modified_gmt":"2025-09-25T01:24:50","slug":"inicio-la-construccion-del-recinto-ferial-provincial-en-cumbaratza","status":"publish","type":"post","link":"https:\/\/infozamoraec.com\/index.php\/2025\/09\/25\/inicio-la-construccion-del-recinto-ferial-provincial-en-cumbaratza\/","title":{"rendered":"Inici\u00f3 la construcci\u00f3n del Recinto Ferial Provincial en Cumbaratza"},"content":{"rendered":"<p style=\"font-weight: 400;\">La Prefectura de Zamora Chinchipe liderada por la prefecta Karla Re\u00e1tegui, inici\u00f3 con los trabajos de construcci\u00f3n de la Primera Etapa del Recinto de Exposici\u00f3n Productiva Provincial, ubicado en la parroquia Cumbaratza del cant\u00f3n Zamora. La inversi\u00f3n total de esta obra es de $ 562.217,70, en un plazo de 120 d\u00edas.<\/p>\n<p style=\"font-weight: 400;\">Los trabajos iniciales comprenden la demolici\u00f3n y excavaci\u00f3n del ring de juzgamiento para posteriormente mejorar el suelo, cimentaci\u00f3n, edificaci\u00f3n de muros, y construcci\u00f3n de los grader\u00edos y cubierta de estructura met\u00e1lica. Otras de las principales labores a desarrollarse en esta primera etapa est\u00e1 la construcci\u00f3n del corredor de la feria, bater\u00edas sanitarias, tendido el\u00e9ctrico, agua potable, aguas servidas y aguas lluvias.<\/p>\n<p style=\"font-weight: 400;\">La Prefecta indic\u00f3 que, este recinto ferial cada a\u00f1o recibe a m\u00e1s de 700 productores, y en el marco de este compromiso adquirido con el desarrollo rural, se ha iniciado con la obra.\u00a0<strong>\u201cEste a\u00f1o nuestra provincia sufri\u00f3 los embastes de la temporada invernal dejando muy golpeados a los productores, por ello, hemos tomado decisiones para fomentar m\u00e1s al campo. Adem\u00e1s de las v\u00edas, puentes y asfaltos, donde el sector m\u00e1s beneficiado es el productivo, se\u00f1al\u00f3 que este 2025, los incentivos en la Feria Agropecuaria Provincial ser\u00e1n aumentados en reconocimiento al esfuerzo que hacen los productores en campo\u201d.<\/strong><\/p>\n<p style=\"font-weight: 400;\">Cabe mencionar que, este a\u00f1o debido a la construcci\u00f3n del nuevo recinto ferial que est\u00e1 en marcha, la Feria Agropecuaria Provincial, se desarrollar\u00e1 en el cant\u00f3n Yantzaza. En este sentido la Prefectura de Zamora Chinchipe invita todos los ganaderos, agricultores y productores de la provincia para que participen como todos los a\u00f1os.<\/p>\n<p style=\"font-weight: 400;\">Por su parte, \u00c1ngel L\u00f3pez, integrante del directorio de la empresa p\u00fablica agropecuaria, AGROPZACHIN E.P., y en representaci\u00f3n de los peque\u00f1os agricultores y ganaderos,\u00a0 extendi\u00f3 su gratitud a la Prefecta\u00a0<strong>\u201cpor servir dignamente al sector productivo y ganadero de la provincia, este beneficio tambi\u00e9n alcanza a quienes concurren todos los a\u00f1os a disfrutar de las ferias agropecuarias\u201d,<\/strong>\u00a0manifest\u00f3, destacando que dentro del Directorio seguir\u00e1n coordinando todas las acciones en beneficio del sector productivo de la provincia.<\/p>\n","protected":false},"excerpt":{"rendered":"<p>La Prefectura de Zamora Chinchipe liderada por la prefecta Karla Re\u00e1tegui, inici\u00f3 con los trabajos de construcci\u00f3n de la Primera Etapa del Recinto de Exposici\u00f3n Productiva Provincial, ubicado en la parroquia Cumbaratza del cant\u00f3n Zamora. La inversi\u00f3n total de esta obra es de $ 562.217,70, en un plazo de 120 d\u00edas. Los trabajos iniciales comprenden [&hellip;]<\/p>\n","protected":false},"author":1,"featured_media":15886,"comment_status":"open","ping_status":"open","sticky":false,"template":"","format":"standard","meta":{"footnotes":""},"categories":[9],"tags":[],"_links":{"self":[{"href":"https:\/\/infozamoraec.com\/index.php\/wp-json\/wp\/v2\/posts\/15885"}],"collection":[{"href":"https:\/\/infozamoraec.com\/index.php\/wp-json\/wp\/v2\/posts"}],"about":[{"href":"https:\/\/infozamoraec.com\/index.php\/wp-json\/wp\/v2\/types\/post"}],"author":[{"embeddable":true,"href":"https:\/\/infozamoraec.com\/index.php\/wp-json\/wp\/v2\/users\/1"}],"replies":[{"embeddable":true,"href":"https:\/\/infozamoraec.com\/index.php\/wp-json\/wp\/v2\/comments?post=15885"}],"version-history":[{"count":2,"href":"https:\/\/infozamoraec.com\/index.php\/wp-json\/wp\/v2\/posts\/15885\/revisions"}],"predecessor-version":[{"id":15888,"href":"https:\/\/infozamoraec.com\/index.php\/wp-json\/wp\/v2\/posts\/15885\/revisions\/15888"}],"wp:featuredmedia":[{"embeddable":true,"href":"https:\/\/infozamoraec.com\/index.php\/wp-json\/wp\/v2\/media\/15886"}],"wp:attachment":[{"href":"https:\/\/infozamoraec.com\/index.php\/wp-json\/wp\/v2\/media?parent=15885"}],"wp:term":[{"taxonomy":"category","embeddable":true,"href":"https:\/\/infozamoraec.com\/index.php\/wp-json\/wp\/v2\/categories?post=15885"},{"taxonomy":"post_tag","embeddable":true,"href":"https:\/\/infozamoraec.com\/index.php\/wp-json\/wp\/v2\/tags?post=15885"}],"curies":[{"name":"wp","href":"https:\/\/api.w.org\/{rel}","templated":true}]}}