{"id":15882,"date":"2025-09-25T01:22:22","date_gmt":"2025-09-25T01:22:22","guid":{"rendered":"https:\/\/infozamoraec.com\/?p=15882"},"modified":"2025-09-25T01:22:22","modified_gmt":"2025-09-25T01:22:22","slug":"casa-de-la-cultura-de-zamora-chinchipe-busca-alianza-con-empresa-privada","status":"publish","type":"post","link":"https:\/\/infozamoraec.com\/index.php\/2025\/09\/25\/casa-de-la-cultura-de-zamora-chinchipe-busca-alianza-con-empresa-privada\/","title":{"rendered":"Casa de la Cultura de Zamora Chinchipe busca alianza con empresa privada"},"content":{"rendered":"<p>El 22 de septiembre de 2025, la Casa de la Cultura Ecuatoriana (CCE) N\u00facleo de Zamora Chinchipe mantuvo un encuentro con representantes de la empresa Lundin Gold, a trav\u00e9s de su \u00e1rea de Responsabilidad Social.<\/p>\n<p>En la reuni\u00f3n participaron el director provincial de la CCE, Jhamilton Mart\u00ednez Romero, junto con los vocales del Directorio Provincial 2025-2029, y el ingeniero David \u00c1lvares, supervisor de Responsabilidad Social de la compa\u00f1\u00eda minera.<\/p>\n<p>Durante el di\u00e1logo se present\u00f3 un proyecto cultural integral que busca articular a artistas y gestores culturales de la provincia, con el objetivo de generar espacios de formaci\u00f3n, creaci\u00f3n y difusi\u00f3n, as\u00ed como fortalecer las oportunidades de visibilizaci\u00f3n del trabajo art\u00edstico.<\/p>\n<p>La Casa de la Cultura destac\u00f3 que esta gesti\u00f3n se enmarca en su compromiso de promover el desarrollo cultural y patrimonial de Zamora Chinchipe, mediante la construcci\u00f3n de alianzas estrat\u00e9gicas con instituciones p\u00fablicas y privadas que reconozcan al arte como un motor de transformaci\u00f3n social.<\/p>\n<p>&nbsp;<\/p>\n","protected":false},"excerpt":{"rendered":"<p>El 22 de septiembre de 2025, la Casa de la Cultura Ecuatoriana (CCE) N\u00facleo de Zamora Chinchipe mantuvo un encuentro con representantes de la empresa Lundin Gold, a trav\u00e9s de su \u00e1rea de Responsabilidad Social. En la reuni\u00f3n participaron el director provincial de la CCE, Jhamilton Mart\u00ednez Romero, junto con los vocales del Directorio Provincial [&hellip;]<\/p>\n","protected":false},"author":1,"featured_media":15883,"comment_status":"open","ping_status":"open","sticky":false,"template":"","format":"standard","meta":{"footnotes":""},"categories":[9],"tags":[],"_links":{"self":[{"href":"https:\/\/infozamoraec.com\/index.php\/wp-json\/wp\/v2\/posts\/15882"}],"collection":[{"href":"https:\/\/infozamoraec.com\/index.php\/wp-json\/wp\/v2\/posts"}],"about":[{"href":"https:\/\/infozamoraec.com\/index.php\/wp-json\/wp\/v2\/types\/post"}],"author":[{"embeddable":true,"href":"https:\/\/infozamoraec.com\/index.php\/wp-json\/wp\/v2\/users\/1"}],"replies":[{"embeddable":true,"href":"https:\/\/infozamoraec.com\/index.php\/wp-json\/wp\/v2\/comments?post=15882"}],"version-history":[{"count":1,"href":"https:\/\/infozamoraec.com\/index.php\/wp-json\/wp\/v2\/posts\/15882\/revisions"}],"predecessor-version":[{"id":15884,"href":"https:\/\/infozamoraec.com\/index.php\/wp-json\/wp\/v2\/posts\/15882\/revisions\/15884"}],"wp:featuredmedia":[{"embeddable":true,"href":"https:\/\/infozamoraec.com\/index.php\/wp-json\/wp\/v2\/media\/15883"}],"wp:attachment":[{"href":"https:\/\/infozamoraec.com\/index.php\/wp-json\/wp\/v2\/media?parent=15882"}],"wp:term":[{"taxonomy":"category","embeddable":true,"href":"https:\/\/infozamoraec.com\/index.php\/wp-json\/wp\/v2\/categories?post=15882"},{"taxonomy":"post_tag","embeddable":true,"href":"https:\/\/infozamoraec.com\/index.php\/wp-json\/wp\/v2\/tags?post=15882"}],"curies":[{"name":"wp","href":"https:\/\/api.w.org\/{rel}","templated":true}]}}