{"id":15877,"date":"2025-09-24T02:19:52","date_gmt":"2025-09-24T02:19:52","guid":{"rendered":"https:\/\/infozamoraec.com\/?p=15877"},"modified":"2025-09-24T02:19:52","modified_gmt":"2025-09-24T02:19:52","slug":"venezuela-se-alista-para-declarar-un-estado-de-conmocion","status":"publish","type":"post","link":"https:\/\/infozamoraec.com\/index.php\/2025\/09\/24\/venezuela-se-alista-para-declarar-un-estado-de-conmocion\/","title":{"rendered":"Venezuela se alista para declarar un \u00abestado de conmoci\u00f3n\u00bb"},"content":{"rendered":"<p>El gobernante de Venezuela, Nicol\u00e1s Maduro, anunci\u00f3 este martes (23.09.2025) que eval\u00faa declarar un \u00abestado de conmoci\u00f3n exterior\u00bb para hacer frente a las \u00abagresiones\u00bb de Estados Unidos, mientras cientos simpatizantes del chavismo y militares armados marcharon en su \u00abdefensa\u00bb en Caracas.<\/p>\n<p>Estados Unidos despleg\u00f3 hace casi un mes ocho buques y un submarino en el Caribe con el argumento de combatir el narcotr\u00e1fico despu\u00e9s de acusar a Maduro de tener v\u00ednculos con un supuesto \u00abCartel de los soles\u00bb.<\/p>\n<p>\u00abYa pudi\u00e9ramos decir est\u00e1 casi constituido el primer decreto\u00bb, dijo Maduro tras mostrar una carpeta roja que dec\u00eda \u00abDecreto por medio del cual se declara estado de conmoci\u00f3n exterior en todo el territorio nacional\u00bb.<\/p>\n<p>\u00abEstamos en preparaci\u00f3n de sendos decretos (&#8230;) para cualquier escenario que se presente. Venezuela saldr\u00e1 adelante\u00bb, a\u00f1adi\u00f3 desde el palacio de Miraflores donde se reuni\u00f3 con altos funcionarios de gobierno.<\/p>\n<p>Maduro no explic\u00f3 qu\u00e9 implica la declaratoria. La constituci\u00f3n establece que puede decretarse cuando se \u00abponga seriamente en peligro la seguridad de la naci\u00f3n\u00bb. Es prorrogable hasta por 90 d\u00edas.<\/p>\n<h2>Trump se mofa de milicias chavistas<\/h2>\n<p>M\u00e1s temprano y con fusiles en mano, a bordo de veh\u00edculos de guerra, cientos de civiles y militares marcharon para defender a Maduro y rechazar las \u00abburlas\u00bb del presidente estadounidense\u00a0Donald\u00a0Trump\u00a0a\u00a0milicianas venezolanas.<\/p>\n<p>\u00abMantengamos en alto el fusil y la moral\u00bb, gritaba desde una tarima enorme una de las animadoras de la marcha.<\/p>\n<p>Trump public\u00f3 en la v\u00edspera un video en su red Truth Social donde mostr\u00f3 a mujeres en entrenamientos militares. \u00abAlto secreto: Capturamos a\u00a0la Milicia venezolana en entrenamiento. \u00a1Una amenaza muy grave!\u00bb, escribi\u00f3.<\/p>\n<p>Trump dijo este martes durante un discurso ante la ONU que Estados Unidos utiliza su \u00abpoder\u00edo militar\u00bb para destruir\u00a0\u00abredes de tr\u00e1fico de Venezuela\u00bb, que asegura son encabezadas por Maduro, quien niega estas acusaciones.<\/p>\n<div class=\"render-container tweet embed\">\n<div class=\"s1lxdrht ssamamu\"><\/div>\n<\/div>\n","protected":false},"excerpt":{"rendered":"<p>El gobernante de Venezuela, Nicol\u00e1s Maduro, anunci\u00f3 este martes (23.09.2025) que eval\u00faa declarar un \u00abestado de conmoci\u00f3n exterior\u00bb para hacer frente a las \u00abagresiones\u00bb de Estados Unidos, mientras cientos simpatizantes del chavismo y militares armados marcharon en su \u00abdefensa\u00bb en Caracas. Estados Unidos despleg\u00f3 hace casi un mes ocho buques y un submarino en el [&hellip;]<\/p>\n","protected":false},"author":1,"featured_media":15879,"comment_status":"open","ping_status":"open","sticky":false,"template":"","format":"standard","meta":{"footnotes":""},"categories":[8],"tags":[],"_links":{"self":[{"href":"https:\/\/infozamoraec.com\/index.php\/wp-json\/wp\/v2\/posts\/15877"}],"collection":[{"href":"https:\/\/infozamoraec.com\/index.php\/wp-json\/wp\/v2\/posts"}],"about":[{"href":"https:\/\/infozamoraec.com\/index.php\/wp-json\/wp\/v2\/types\/post"}],"author":[{"embeddable":true,"href":"https:\/\/infozamoraec.com\/index.php\/wp-json\/wp\/v2\/users\/1"}],"replies":[{"embeddable":true,"href":"https:\/\/infozamoraec.com\/index.php\/wp-json\/wp\/v2\/comments?post=15877"}],"version-history":[{"count":1,"href":"https:\/\/infozamoraec.com\/index.php\/wp-json\/wp\/v2\/posts\/15877\/revisions"}],"predecessor-version":[{"id":15880,"href":"https:\/\/infozamoraec.com\/index.php\/wp-json\/wp\/v2\/posts\/15877\/revisions\/15880"}],"wp:featuredmedia":[{"embeddable":true,"href":"https:\/\/infozamoraec.com\/index.php\/wp-json\/wp\/v2\/media\/15879"}],"wp:attachment":[{"href":"https:\/\/infozamoraec.com\/index.php\/wp-json\/wp\/v2\/media?parent=15877"}],"wp:term":[{"taxonomy":"category","embeddable":true,"href":"https:\/\/infozamoraec.com\/index.php\/wp-json\/wp\/v2\/categories?post=15877"},{"taxonomy":"post_tag","embeddable":true,"href":"https:\/\/infozamoraec.com\/index.php\/wp-json\/wp\/v2\/tags?post=15877"}],"curies":[{"name":"wp","href":"https:\/\/api.w.org\/{rel}","templated":true}]}}