{"id":15874,"date":"2025-09-24T02:17:43","date_gmt":"2025-09-24T02:17:43","guid":{"rendered":"https:\/\/infozamoraec.com\/?p=15874"},"modified":"2025-09-24T02:17:54","modified_gmt":"2025-09-24T02:17:54","slug":"durante-la-asamblea-general-de-la-onu-trump-expresa-respaldo-a-la-reeleccion-de-milei","status":"publish","type":"post","link":"https:\/\/infozamoraec.com\/index.php\/2025\/09\/24\/durante-la-asamblea-general-de-la-onu-trump-expresa-respaldo-a-la-reeleccion-de-milei\/","title":{"rendered":"Durante la Asamblea General de la ONU, Trump expresa respaldo a la reelecci\u00f3n de Milei"},"content":{"rendered":"<p>El mandatario estadounidense primero manifest\u00f3 su apoyo a trav\u00e9s de la red social Truth Social, y luego, al iniciar la reuni\u00f3n con Milei, le entreg\u00f3 un documento formalizando su respaldo.<\/p>\n<p>\u00abHa hecho un trabajo fant\u00e1stico, y estoy haciendo algo que no suelo hacer: darle mi apoyo total. Acabamos de respaldarlo para la presidencia\u00bb, declar\u00f3 Trump en breves palabras ante la prensa. Milei, por su parte, no respondi\u00f3 preguntas durante la aparici\u00f3n conjunta.<\/p>\n<p>Trump apunt\u00f3 que se acerca la campa\u00f1a electoral y se mostr\u00f3 confiado de que a Milei \u00able ir\u00e1 bien\u00bb y que su respaldo de hoy lo \u00abgarantiza\u00bb.<\/p>\n<p>Consultado sobre una posible ayuda financiera de Estados Unidos a Argentina, Trump afirm\u00f3 que su gobierno brindar\u00e1 apoyo, aunque consider\u00f3 que el pa\u00eds no necesitar\u00e1 \u00abun rescate econ\u00f3mico\u00bb gracias a al \u00abtrabajo fant\u00e1stico\u00bb de Milei.<\/p>\n<p>\u00abEstamos muy satisfechos con su labor. Por eso, le damos al presidente de Argentina todo nuestro apoyo y respaldo\u00bb, agreg\u00f3.<\/p>\n<p>En el encuentro tambi\u00e9n estuvo el secretario de Estado estadounidense, Marco Rubio, y el secretario del Tesoro, Scott Bessent, quien el lunes ofreci\u00f3 apoyo financiero a Argentina ante las turbulencias econ\u00f3micas derivadas de la escalada del d\u00f3lar en el pa\u00eds suramericano.<\/p>\n<p>Milei ha impulsado una \u00abtransformaci\u00f3n incre\u00edble\u00bb de la econom\u00eda argentina, declar\u00f3 Bessent en la reuni\u00f3n.<\/p>\n<p>La delegaci\u00f3n argentina la completaron el ministro de Econom\u00eda, Luis Caputo; el canciller, Gerardo Werthein; y la secretaria general de la Presidencia, Karina Milei.<\/p>\n<p>\u00abArgentina: Javier Milei es un muy buen amigo, luchador y GANADOR, y tiene mi completo y total respaldo para la reelecci\u00f3n como presidente. \u00a1Nunca los defraudar\u00e1!\u00bb, escribi\u00f3 el jefe de Estado de EE.UU\u00bb, hab\u00eda declarado Trump previamente en Truth Social.<\/p>\n<p>Seg\u00fan Trump, el pol\u00edtico ultralibertario \u00abha demostrado ser un l\u00edder verdaderamente fant\u00e1stico y poderoso para el gran pueblo de Argentina, avanzando en todos los niveles a una velocidad r\u00e9cord\u00bb.<\/p>\n<p>Trump afirm\u00f3 que Milei hered\u00f3 un \u00abdesastre total\u00bb en materia econ\u00f3mica causada por \u00abel anterior presidente de izquierda radical\u00bb, en referencia a Alberto Fern\u00e1ndez, a quien compar\u00f3 con el expresidente dem\u00f3crata Joe Biden.<\/p>\n<p>Trump y Milei tienen previsto reunirse despu\u00e9s de que el secretario del Tesoro de Estados Unidos, Scott Bessent, ofreciera apoyo financiero a Argentina ante las turbulencias econ\u00f3micas derivadas de la escalada del d\u00f3lar en el pa\u00eds suramericano. EFE (I)<\/p>\n","protected":false},"excerpt":{"rendered":"<p>El mandatario estadounidense primero manifest\u00f3 su apoyo a trav\u00e9s de la red social Truth Social, y luego, al iniciar la reuni\u00f3n con Milei, le entreg\u00f3 un documento formalizando su respaldo. \u00abHa hecho un trabajo fant\u00e1stico, y estoy haciendo algo que no suelo hacer: darle mi apoyo total. Acabamos de respaldarlo para la presidencia\u00bb, declar\u00f3 Trump [&hellip;]<\/p>\n","protected":false},"author":1,"featured_media":15875,"comment_status":"open","ping_status":"open","sticky":false,"template":"","format":"standard","meta":{"footnotes":""},"categories":[8],"tags":[],"_links":{"self":[{"href":"https:\/\/infozamoraec.com\/index.php\/wp-json\/wp\/v2\/posts\/15874"}],"collection":[{"href":"https:\/\/infozamoraec.com\/index.php\/wp-json\/wp\/v2\/posts"}],"about":[{"href":"https:\/\/infozamoraec.com\/index.php\/wp-json\/wp\/v2\/types\/post"}],"author":[{"embeddable":true,"href":"https:\/\/infozamoraec.com\/index.php\/wp-json\/wp\/v2\/users\/1"}],"replies":[{"embeddable":true,"href":"https:\/\/infozamoraec.com\/index.php\/wp-json\/wp\/v2\/comments?post=15874"}],"version-history":[{"count":2,"href":"https:\/\/infozamoraec.com\/index.php\/wp-json\/wp\/v2\/posts\/15874\/revisions"}],"predecessor-version":[{"id":15878,"href":"https:\/\/infozamoraec.com\/index.php\/wp-json\/wp\/v2\/posts\/15874\/revisions\/15878"}],"wp:featuredmedia":[{"embeddable":true,"href":"https:\/\/infozamoraec.com\/index.php\/wp-json\/wp\/v2\/media\/15875"}],"wp:attachment":[{"href":"https:\/\/infozamoraec.com\/index.php\/wp-json\/wp\/v2\/media?parent=15874"}],"wp:term":[{"taxonomy":"category","embeddable":true,"href":"https:\/\/infozamoraec.com\/index.php\/wp-json\/wp\/v2\/categories?post=15874"},{"taxonomy":"post_tag","embeddable":true,"href":"https:\/\/infozamoraec.com\/index.php\/wp-json\/wp\/v2\/tags?post=15874"}],"curies":[{"name":"wp","href":"https:\/\/api.w.org\/{rel}","templated":true}]}}