{"id":15868,"date":"2025-09-24T01:59:07","date_gmt":"2025-09-24T01:59:07","guid":{"rendered":"https:\/\/infozamoraec.com\/?p=15868"},"modified":"2025-09-24T01:59:07","modified_gmt":"2025-09-24T01:59:07","slug":"daniel-noboa-todos-los-que-fallaron-nos-quieren-contar-como-hacer-las-cosas","status":"publish","type":"post","link":"https:\/\/infozamoraec.com\/index.php\/2025\/09\/24\/daniel-noboa-todos-los-que-fallaron-nos-quieren-contar-como-hacer-las-cosas\/","title":{"rendered":"Daniel Noboa: \u2018Todos los que fallaron nos quieren contar c\u00f3mo hacer las cosas\u2019"},"content":{"rendered":"<p>El presidente Daniel Noboa destac\u00f3 el respaldo con el que cont\u00f3 la marcha por la paz el pasado lunes 22 de septiembre en la ciudad de Latacunga.<\/p>\n<p>\u201cEl pa\u00eds se ha pronunciado con fuerza, mientras que unos pocos bajo el liderazgo de unos pocos dirigentes, malos dirigentes, intentan paralizar al pa\u00eds con amenazas y presiones, la verdadera voz del Ecuador reson\u00f3 ayer en la masiva marcha por la paz que congreg\u00f3 a miles y miles de ciudadanos que demostraron su respaldo al gobierno\u201d, manifest\u00f3 Noboa.<\/p>\n<p>El mandatario record\u00f3 que en su Gobierno se hacen las cosas diferentes y que han demostrado que se puede protestar pacificamente y que la convocatoria tuvo m\u00e1s de cinco mil personas, a diferencia de la otra marcha de los grupos que promueven el Paro Nacional, la que digo aglutin\u00f3 a alrededor de \u201c300 revoltosos que decidieron estrat\u00e9gicamente retirarse para otro lado\u201d.<\/p>\n<p>\u201cNosotros no retrocedemos como ocurri\u00f3 en 2019 y 2022, tenemos que mostrar firmeza y no podemos retroceder porque significa no poder entregarles recursos a ustedes&#8230; no retrocedemos porque somos tozudos o tercos si no porque el futuro de ustedes depende de eso\u201d, indic\u00f3 Noboa.<\/p>\n<p>\u201cAntes de que a mi me quieran hacer retroceder, pues yo prefiero morir. Aqu\u00ed me quedo y aqu\u00ed voy a estar luchando todos los d\u00edas<\/p>\n<p>El mandatario particip\u00f3 este martes 23 de septiembre en la entrega beneficios para el Seguro Social Campesino en un evento realizado en el parque Central de la parroquia Belisario Quevedo en Latacunga, Cotopaxi.<\/p>\n<p>Noboa subray\u00f3 que seguir\u00e1 firme en sus decisi\u00f3n y defendi\u00f3 tambi\u00e9n su propuesta de consulta popular para ir a una constituyente y rechaz\u00f3 que distintos grupos pol\u00edticos busquen desestimar esta iniciativa.<\/p>\n<p>\u2018Todos los que fallaron antes nos quieren contar como hacer las cosas&#8230; ya les ganamos dos veces\u00bb, apunt\u00f3 el mandatario y a\u00f1adi\u00f3 que sabe que tanto \u00e9l como su gobierno son inc\u00f3modos para las maf\u00edas de siempre.<\/p>\n<p>Noboa asever\u00f3 que \u201cahora ni siquieren una consulta popular y que el pueblo decida, ahora son m\u00e1s inteligentes que ustedes, pero ellos saben que el pueblo los va a rechazar, va a rechazar los abusos de una clase pol\u00edtica que nunca pudo darle resultados, que fall\u00f3 y que ahora todos esos conchudos nos quieren contar c\u00f3mo hacer las cosas\u201d.<\/p>\n","protected":false},"excerpt":{"rendered":"<p>El presidente Daniel Noboa destac\u00f3 el respaldo con el que cont\u00f3 la marcha por la paz el pasado lunes 22 de septiembre en la ciudad de Latacunga. \u201cEl pa\u00eds se ha pronunciado con fuerza, mientras que unos pocos bajo el liderazgo de unos pocos dirigentes, malos dirigentes, intentan paralizar al pa\u00eds con amenazas y presiones, [&hellip;]<\/p>\n","protected":false},"author":1,"featured_media":15869,"comment_status":"open","ping_status":"open","sticky":false,"template":"","format":"standard","meta":{"footnotes":""},"categories":[12],"tags":[],"_links":{"self":[{"href":"https:\/\/infozamoraec.com\/index.php\/wp-json\/wp\/v2\/posts\/15868"}],"collection":[{"href":"https:\/\/infozamoraec.com\/index.php\/wp-json\/wp\/v2\/posts"}],"about":[{"href":"https:\/\/infozamoraec.com\/index.php\/wp-json\/wp\/v2\/types\/post"}],"author":[{"embeddable":true,"href":"https:\/\/infozamoraec.com\/index.php\/wp-json\/wp\/v2\/users\/1"}],"replies":[{"embeddable":true,"href":"https:\/\/infozamoraec.com\/index.php\/wp-json\/wp\/v2\/comments?post=15868"}],"version-history":[{"count":1,"href":"https:\/\/infozamoraec.com\/index.php\/wp-json\/wp\/v2\/posts\/15868\/revisions"}],"predecessor-version":[{"id":15870,"href":"https:\/\/infozamoraec.com\/index.php\/wp-json\/wp\/v2\/posts\/15868\/revisions\/15870"}],"wp:featuredmedia":[{"embeddable":true,"href":"https:\/\/infozamoraec.com\/index.php\/wp-json\/wp\/v2\/media\/15869"}],"wp:attachment":[{"href":"https:\/\/infozamoraec.com\/index.php\/wp-json\/wp\/v2\/media?parent=15868"}],"wp:term":[{"taxonomy":"category","embeddable":true,"href":"https:\/\/infozamoraec.com\/index.php\/wp-json\/wp\/v2\/categories?post=15868"},{"taxonomy":"post_tag","embeddable":true,"href":"https:\/\/infozamoraec.com\/index.php\/wp-json\/wp\/v2\/tags?post=15868"}],"curies":[{"name":"wp","href":"https:\/\/api.w.org\/{rel}","templated":true}]}}