{"id":15862,"date":"2025-09-24T01:56:56","date_gmt":"2025-09-24T01:56:56","guid":{"rendered":"https:\/\/infozamoraec.com\/?p=15862"},"modified":"2025-09-24T01:56:56","modified_gmt":"2025-09-24T01:56:56","slug":"ministerio-del-interior-dice-que-44-detenidos-en-el-paro-nacional-tienen-antecedentes-penales","status":"publish","type":"post","link":"https:\/\/infozamoraec.com\/index.php\/2025\/09\/24\/ministerio-del-interior-dice-que-44-detenidos-en-el-paro-nacional-tienen-antecedentes-penales\/","title":{"rendered":"Ministerio del Interior dice que 44 detenidos en el paro nacional tienen antecedentes penales"},"content":{"rendered":"<p>El Ministerio del Interior inform\u00f3 la tarde de este martes 23 de septiembre que 44 personas detenidas en el contexto del paro nacional Ecuador 2025 registran antecedentes penales.<\/p>\n<p>A juicio de la cartera de Estado, ese dato \u00abevidencia que no se trat\u00f3 de manifestaciones pac\u00edficas, sino de operaciones articuladas por estructuras criminales\u00bb.<\/p>\n<p>Entre los detenidos constan dos hombres de nacionalidad venezolana, quienes ingresaron a Ecuador \u00abilegalmente\u00bb. Adem\u00e1s, son investigados por presuntos v\u00ednculos con el Tren de Aragua, organizaci\u00f3n criminal originaria de Venezuela y con tent\u00e1culos en la regi\u00f3n.<\/p>\n<p>De los 44 aprehendidos, su situaci\u00f3n es la siguiente:<\/p>\n<p>4 fueron excarcelados<\/p>\n<p>11 recibieron medidas sustitutivas a la prisi\u00f3n preventiva<\/p>\n<p>2 cumplen prisi\u00f3n preventiva<\/p>\n<p>5 ya tuvieron audiencia<\/p>\n<p>22 esperan la audiencia de flagrancia, ah\u00ed se conocer\u00e1 qu\u00e9 medidas cautelares reciben<\/p>\n<p>Este 23 de septiembre, Ecuador cumple su segundo d\u00eda de paro nacional convocado por la Conaie con motivo de la eliminaci\u00f3n del subsidio al di\u00e9sel.<\/p>\n","protected":false},"excerpt":{"rendered":"<p>El Ministerio del Interior inform\u00f3 la tarde de este martes 23 de septiembre que 44 personas detenidas en el contexto del paro nacional Ecuador 2025 registran antecedentes penales. A juicio de la cartera de Estado, ese dato \u00abevidencia que no se trat\u00f3 de manifestaciones pac\u00edficas, sino de operaciones articuladas por estructuras criminales\u00bb. Entre los detenidos [&hellip;]<\/p>\n","protected":false},"author":1,"featured_media":15863,"comment_status":"open","ping_status":"open","sticky":false,"template":"","format":"standard","meta":{"footnotes":""},"categories":[12],"tags":[],"_links":{"self":[{"href":"https:\/\/infozamoraec.com\/index.php\/wp-json\/wp\/v2\/posts\/15862"}],"collection":[{"href":"https:\/\/infozamoraec.com\/index.php\/wp-json\/wp\/v2\/posts"}],"about":[{"href":"https:\/\/infozamoraec.com\/index.php\/wp-json\/wp\/v2\/types\/post"}],"author":[{"embeddable":true,"href":"https:\/\/infozamoraec.com\/index.php\/wp-json\/wp\/v2\/users\/1"}],"replies":[{"embeddable":true,"href":"https:\/\/infozamoraec.com\/index.php\/wp-json\/wp\/v2\/comments?post=15862"}],"version-history":[{"count":1,"href":"https:\/\/infozamoraec.com\/index.php\/wp-json\/wp\/v2\/posts\/15862\/revisions"}],"predecessor-version":[{"id":15864,"href":"https:\/\/infozamoraec.com\/index.php\/wp-json\/wp\/v2\/posts\/15862\/revisions\/15864"}],"wp:featuredmedia":[{"embeddable":true,"href":"https:\/\/infozamoraec.com\/index.php\/wp-json\/wp\/v2\/media\/15863"}],"wp:attachment":[{"href":"https:\/\/infozamoraec.com\/index.php\/wp-json\/wp\/v2\/media?parent=15862"}],"wp:term":[{"taxonomy":"category","embeddable":true,"href":"https:\/\/infozamoraec.com\/index.php\/wp-json\/wp\/v2\/categories?post=15862"},{"taxonomy":"post_tag","embeddable":true,"href":"https:\/\/infozamoraec.com\/index.php\/wp-json\/wp\/v2\/tags?post=15862"}],"curies":[{"name":"wp","href":"https:\/\/api.w.org\/{rel}","templated":true}]}}