{"id":15859,"date":"2025-09-24T01:54:36","date_gmt":"2025-09-24T01:54:36","guid":{"rendered":"https:\/\/infozamoraec.com\/?p=15859"},"modified":"2025-09-24T01:54:36","modified_gmt":"2025-09-24T01:54:36","slug":"constitucional-aprueba-consulta-sobre-asamblea-constituyente-a-condicion-de-que-noboa-corrija-su-decreto","status":"publish","type":"post","link":"https:\/\/infozamoraec.com\/index.php\/2025\/09\/24\/constitucional-aprueba-consulta-sobre-asamblea-constituyente-a-condicion-de-que-noboa-corrija-su-decreto\/","title":{"rendered":"Constitucional aprueba consulta sobre Asamblea Constituyente a condici\u00f3n de que Noboa corrija su Decreto"},"content":{"rendered":"<p>El pleno de la Corte Constitucional ha aprobado, la noche de este martes 23 de septiembre, que el Consejo Nacional Electoral convoque a una consulta popular para instalar una Asamblea Constituyente, con la condici\u00f3n de que el Gobierno \u00absubsane\u00bb, o elimine, trece de los art\u00edculos (de los considerandos) del Decreto 153 y que reforme otro art\u00edculo del Estatuto propuesto por el Gobierno para dicha elecci\u00f3n.<\/p>\n<p>La Corte ha concluido que trece de esos considerandos \u00abno cumplen con los par\u00e1metros legales previstos en el art\u00edclulo 104 de la Ley Org\u00e1nica de Control Constitucional\u00bb. \u00abSin embargo\u00bb, a\u00f1ade, \u00absi se eliminaran los restantes ser\u00edan suficientes para satisfacer las exigencias legales que permitan al pueblo decidir de manera libre e informada\u00bb.<\/p>\n<p>Sobre el Estatuto, la Corte resolvi\u00f3 que las reglas del art\u00edculo cinco no son claras para determinar las circunscripciones territoriales y que la regulaci\u00f3n del m\u00e9todo de adjudicaci\u00f3n de esca\u00f1os carece de precisi\u00f3n, lo que impide establecer con exactitud el tama\u00f1o de la Asamblea Constituyente.<\/p>\n<p>Por la que la Corte resolvi\u00f3 que \u00abel presidente de la Rep\u00fablica puede subsanar los aspectos se\u00f1alados en los considerandos y en el art\u00edculo cinco en conexi\u00f3n con el art\u00edculo cuatro del Estatuto\u00bb. Y que el Consejo Nacional Electoral solo puede continuar con el proceso cuando el Ejecutivo remita las correcciones y estas sean \u00abverificadas y resuelto por la Corte\u00bb.<\/p>\n","protected":false},"excerpt":{"rendered":"<p>El pleno de la Corte Constitucional ha aprobado, la noche de este martes 23 de septiembre, que el Consejo Nacional Electoral convoque a una consulta popular para instalar una Asamblea Constituyente, con la condici\u00f3n de que el Gobierno \u00absubsane\u00bb, o elimine, trece de los art\u00edculos (de los considerandos) del Decreto 153 y que reforme otro [&hellip;]<\/p>\n","protected":false},"author":1,"featured_media":15860,"comment_status":"open","ping_status":"open","sticky":false,"template":"","format":"standard","meta":{"footnotes":""},"categories":[12],"tags":[],"_links":{"self":[{"href":"https:\/\/infozamoraec.com\/index.php\/wp-json\/wp\/v2\/posts\/15859"}],"collection":[{"href":"https:\/\/infozamoraec.com\/index.php\/wp-json\/wp\/v2\/posts"}],"about":[{"href":"https:\/\/infozamoraec.com\/index.php\/wp-json\/wp\/v2\/types\/post"}],"author":[{"embeddable":true,"href":"https:\/\/infozamoraec.com\/index.php\/wp-json\/wp\/v2\/users\/1"}],"replies":[{"embeddable":true,"href":"https:\/\/infozamoraec.com\/index.php\/wp-json\/wp\/v2\/comments?post=15859"}],"version-history":[{"count":1,"href":"https:\/\/infozamoraec.com\/index.php\/wp-json\/wp\/v2\/posts\/15859\/revisions"}],"predecessor-version":[{"id":15861,"href":"https:\/\/infozamoraec.com\/index.php\/wp-json\/wp\/v2\/posts\/15859\/revisions\/15861"}],"wp:featuredmedia":[{"embeddable":true,"href":"https:\/\/infozamoraec.com\/index.php\/wp-json\/wp\/v2\/media\/15860"}],"wp:attachment":[{"href":"https:\/\/infozamoraec.com\/index.php\/wp-json\/wp\/v2\/media?parent=15859"}],"wp:term":[{"taxonomy":"category","embeddable":true,"href":"https:\/\/infozamoraec.com\/index.php\/wp-json\/wp\/v2\/categories?post=15859"},{"taxonomy":"post_tag","embeddable":true,"href":"https:\/\/infozamoraec.com\/index.php\/wp-json\/wp\/v2\/tags?post=15859"}],"curies":[{"name":"wp","href":"https:\/\/api.w.org\/{rel}","templated":true}]}}