{"id":15856,"date":"2025-09-24T01:51:55","date_gmt":"2025-09-24T01:51:55","guid":{"rendered":"https:\/\/infozamoraec.com\/?p=15856"},"modified":"2025-09-24T01:51:55","modified_gmt":"2025-09-24T01:51:55","slug":"fuerza-publica-logra-dispersar-manifestantes-en-quito-que-cambiaron-de-ruta","status":"publish","type":"post","link":"https:\/\/infozamoraec.com\/index.php\/2025\/09\/24\/fuerza-publica-logra-dispersar-manifestantes-en-quito-que-cambiaron-de-ruta\/","title":{"rendered":"Fuerza p\u00fablica logra dispersar manifestantes en Quito que cambiaron de ruta"},"content":{"rendered":"<p>Un grupo peque\u00f1o de manifestantes se concetr\u00f3 en Quito a las afueras de la Universidad Central al centro norte de la capital. Pese a que el grupo fue creciendo con el paso del tiempo, la Polic\u00eda Nacional logr\u00f3 dispersar a la gente que estaba a las afueras de esa casa de estudios. Despu\u00e9s, la gente se fue sumando y cientos de manifestantes llegaron a Santo Domingo, en el Centro Hist\u00f3rico.<\/p>\n<p>Al no poder llegar al Palacio de Carondelet, los manifestantes cambiaron de ruta y decidieron llegar a la Plataforma Nacional Norte ubicada a pocos pasos del Centro Comercial I\u00f1aquito (CCI) en pleno coraz\u00f3n financiero de Quito, pero debido a la cantidad de tr\u00e1nsito en la zona, la manifestaci\u00f3n empez\u00f3 a perder fuerza desde la Av. Mariana de Jes\u00fas.<\/p>\n<p>Las manifestaciones en Quito, en medio de gritos y canciones en contra del Gobierno, ya llegaron a la avenida Naciones Unidas y Amazonas.<\/p>\n<p>En el sitio se observa la quema de una llanta, v\u00edas cerradas y carros en fila.<\/p>\n<p>El Ministerio del Interior inform\u00f3 que, con corte a las 16:00 de este 23 de septiembre, unas 59 personas han sido detenidas a escala nacional en el marco de las manifestaciones.<\/p>\n<p>Los hechos m\u00e1s graves se registraron en la provincia de Imbabura, en donde una muchedumbre atac\u00f3 el lunes a la sede del Comando de la Polic\u00eda; dos uniformados resultaron heridos y la edificaci\u00f3n tuvo m\u00faltiples destrozos. (I)<\/p>\n","protected":false},"excerpt":{"rendered":"<p>Un grupo peque\u00f1o de manifestantes se concetr\u00f3 en Quito a las afueras de la Universidad Central al centro norte de la capital. Pese a que el grupo fue creciendo con el paso del tiempo, la Polic\u00eda Nacional logr\u00f3 dispersar a la gente que estaba a las afueras de esa casa de estudios. Despu\u00e9s, la gente [&hellip;]<\/p>\n","protected":false},"author":1,"featured_media":15857,"comment_status":"open","ping_status":"open","sticky":false,"template":"","format":"standard","meta":{"footnotes":""},"categories":[12],"tags":[],"_links":{"self":[{"href":"https:\/\/infozamoraec.com\/index.php\/wp-json\/wp\/v2\/posts\/15856"}],"collection":[{"href":"https:\/\/infozamoraec.com\/index.php\/wp-json\/wp\/v2\/posts"}],"about":[{"href":"https:\/\/infozamoraec.com\/index.php\/wp-json\/wp\/v2\/types\/post"}],"author":[{"embeddable":true,"href":"https:\/\/infozamoraec.com\/index.php\/wp-json\/wp\/v2\/users\/1"}],"replies":[{"embeddable":true,"href":"https:\/\/infozamoraec.com\/index.php\/wp-json\/wp\/v2\/comments?post=15856"}],"version-history":[{"count":1,"href":"https:\/\/infozamoraec.com\/index.php\/wp-json\/wp\/v2\/posts\/15856\/revisions"}],"predecessor-version":[{"id":15858,"href":"https:\/\/infozamoraec.com\/index.php\/wp-json\/wp\/v2\/posts\/15856\/revisions\/15858"}],"wp:featuredmedia":[{"embeddable":true,"href":"https:\/\/infozamoraec.com\/index.php\/wp-json\/wp\/v2\/media\/15857"}],"wp:attachment":[{"href":"https:\/\/infozamoraec.com\/index.php\/wp-json\/wp\/v2\/media?parent=15856"}],"wp:term":[{"taxonomy":"category","embeddable":true,"href":"https:\/\/infozamoraec.com\/index.php\/wp-json\/wp\/v2\/categories?post=15856"},{"taxonomy":"post_tag","embeddable":true,"href":"https:\/\/infozamoraec.com\/index.php\/wp-json\/wp\/v2\/tags?post=15856"}],"curies":[{"name":"wp","href":"https:\/\/api.w.org\/{rel}","templated":true}]}}