{"id":15847,"date":"2025-09-24T01:35:35","date_gmt":"2025-09-24T01:35:35","guid":{"rendered":"https:\/\/infozamoraec.com\/?p=15847"},"modified":"2025-09-24T01:35:35","modified_gmt":"2025-09-24T01:35:35","slug":"minedec-y-mae-firman-convenio-para-mejorar-la-seguridad-en-colegios-a-traves-del-alumbrado-publico","status":"publish","type":"post","link":"https:\/\/infozamoraec.com\/index.php\/2025\/09\/24\/minedec-y-mae-firman-convenio-para-mejorar-la-seguridad-en-colegios-a-traves-del-alumbrado-publico\/","title":{"rendered":"MINEDEC y MAE firman convenio para mejorar la seguridad en colegios a trav\u00e9s del alumbrado p\u00fablico"},"content":{"rendered":"<p>El Ministerio de Educaci\u00f3n, Deporte y Cultura (MINEDEC) y el Ministerio de Ambiente y Energ\u00eda (MAE), junto a las empresas de distribuci\u00f3n de energ\u00eda el\u00e9ctrica del pa\u00eds, suscribieron hoy el \u201cConvenio Marco de Cooperaci\u00f3n Interinstitucional \u2013 Caminos de Luz\u201d, para ejecutar proyectos de alumbrado p\u00fablico y electrificaci\u00f3n en los alrededores de instituciones educativas que presentan inconvenientes con este servicio.<\/p>\n<p>El acuerdo involucra a CNEL EP, EEASA, E.E Azogues, E.E Cotopaxi, E.E Centro Sur, E.E Gal\u00e1pagos, E.E Quito, E.E Riobamba, E.E Regional Sur y E.E Regional Norte, y busca garantizar entornos escolares seguros, inclusivos y propicios para el aprendizaje.<\/p>\n<p>La ministra de Educaci\u00f3n, Alegr\u00eda Crespo, destac\u00f3 la relevancia de este esfuerzo interinstitucional: \u201cEste convenio ilumina, en el sentido m\u00e1s amplio, el compromiso del Estado con la seguridad, la inclusi\u00f3n y el aprendizaje de nuestros ni\u00f1os, j\u00f3venes y adultos\u201d, afirm\u00f3 Crespo.<\/p>\n<p>Adem\u00e1s, la ministra resalt\u00f3 que este esfuerzo va m\u00e1s all\u00e1 de la instalaci\u00f3n de luminarias o redes el\u00e9ctricas: \u201cEs un mensaje de confianza: que cada ni\u00f1a, joven o persona que decide continuar sus estudios sienta que el pa\u00eds les respalda y protege, que la educaci\u00f3n es prioridad y que su seguridad importa\u201d.<\/p>\n<p>Por su parte, la ministra de Ambiente y Energ\u00eda, In\u00e9s Manzano, resalt\u00f3 el alcance social y comunitario del proyecto: \u201cLas obras de alumbrado p\u00fablico dan seguridad y cohesi\u00f3n social. Su impacto no es solo para los estudiantes, sino tambi\u00e9n para los comerciantes del sector alrededor de las instituciones educativas\u201d. Agreg\u00f3 que \u201ctenemos que darle lo mejor que tenemos a todo el Ecuador, y las luminarias LED, que son de la mejor tecnolog\u00eda, nos dan la tranquilidad de que estamos haciendo todo lo que podemos\u201d.<\/p>\n<p>El MAE lidera los lineamientos t\u00e9cnicos y ambientales para garantizar que los proyectos se desarrollen con tecnolog\u00edas limpias y responsables. El uso de luminarias LED promueve la eficiencia energ\u00e9tica, optimiza el consumo el\u00e9ctrico y contribuye a la reducci\u00f3n de emisiones, en l\u00ednea con la Ley de Eficiencia Energ\u00e9tica.<\/p>\n<p>La iniciativa beneficiar\u00e1 directamente a estudiantes, docentes, directivos y familias de las 24 provincias y las 9 zonas educativas del pa\u00eds, adem\u00e1s de impactar positivamente a las comunidades aleda\u00f1as. El convenio tendr\u00e1 una vigencia inicial de tres a\u00f1os, prorrogables, y permitir\u00e1 la firma de acuerdos espec\u00edficos para definir compromisos financieros conforme a la normativa vigente.<\/p>\n<p>Con esta firma, el Gobierno Nacional reafirma su compromiso de fortalecer la infraestructura escolar y garantizar el derecho a la educaci\u00f3n, contribuyendo al desarrollo social y econ\u00f3mico mediante el acceso equitativo a energ\u00eda y alumbrado.<\/p>\n","protected":false},"excerpt":{"rendered":"<p>El Ministerio de Educaci\u00f3n, Deporte y Cultura (MINEDEC) y el Ministerio de Ambiente y Energ\u00eda (MAE), junto a las empresas de distribuci\u00f3n de energ\u00eda el\u00e9ctrica del pa\u00eds, suscribieron hoy el \u201cConvenio Marco de Cooperaci\u00f3n Interinstitucional \u2013 Caminos de Luz\u201d, para ejecutar proyectos de alumbrado p\u00fablico y electrificaci\u00f3n en los alrededores de instituciones educativas que presentan [&hellip;]<\/p>\n","protected":false},"author":1,"featured_media":15848,"comment_status":"open","ping_status":"open","sticky":false,"template":"","format":"standard","meta":{"footnotes":""},"categories":[12],"tags":[],"_links":{"self":[{"href":"https:\/\/infozamoraec.com\/index.php\/wp-json\/wp\/v2\/posts\/15847"}],"collection":[{"href":"https:\/\/infozamoraec.com\/index.php\/wp-json\/wp\/v2\/posts"}],"about":[{"href":"https:\/\/infozamoraec.com\/index.php\/wp-json\/wp\/v2\/types\/post"}],"author":[{"embeddable":true,"href":"https:\/\/infozamoraec.com\/index.php\/wp-json\/wp\/v2\/users\/1"}],"replies":[{"embeddable":true,"href":"https:\/\/infozamoraec.com\/index.php\/wp-json\/wp\/v2\/comments?post=15847"}],"version-history":[{"count":1,"href":"https:\/\/infozamoraec.com\/index.php\/wp-json\/wp\/v2\/posts\/15847\/revisions"}],"predecessor-version":[{"id":15849,"href":"https:\/\/infozamoraec.com\/index.php\/wp-json\/wp\/v2\/posts\/15847\/revisions\/15849"}],"wp:featuredmedia":[{"embeddable":true,"href":"https:\/\/infozamoraec.com\/index.php\/wp-json\/wp\/v2\/media\/15848"}],"wp:attachment":[{"href":"https:\/\/infozamoraec.com\/index.php\/wp-json\/wp\/v2\/media?parent=15847"}],"wp:term":[{"taxonomy":"category","embeddable":true,"href":"https:\/\/infozamoraec.com\/index.php\/wp-json\/wp\/v2\/categories?post=15847"},{"taxonomy":"post_tag","embeddable":true,"href":"https:\/\/infozamoraec.com\/index.php\/wp-json\/wp\/v2\/tags?post=15847"}],"curies":[{"name":"wp","href":"https:\/\/api.w.org\/{rel}","templated":true}]}}