{"id":15829,"date":"2025-09-23T01:35:57","date_gmt":"2025-09-23T01:35:57","guid":{"rendered":"https:\/\/infozamoraec.com\/?p=15829"},"modified":"2025-09-23T01:35:57","modified_gmt":"2025-09-23T01:35:57","slug":"enfrentamiento-en-carcel-de-machala-deja-14-fallecidos-heridos-y-fuga-de-reos","status":"publish","type":"post","link":"https:\/\/infozamoraec.com\/index.php\/2025\/09\/23\/enfrentamiento-en-carcel-de-machala-deja-14-fallecidos-heridos-y-fuga-de-reos\/","title":{"rendered":"Enfrentamiento en c\u00e1rcel de Machala deja 14 fallecidos, heridos y fuga de reos"},"content":{"rendered":"<p>Al menos 14 personas murieron y otras 14 resultaron heridas durante un enfrentamiento registrado la madrugada de este lunes 22 de septiembre en el Centro de Rehabilitaci\u00f3n Social de Machala, provincia de El Oro.<\/p>\n<p>El hecho violento ocurri\u00f3 alrededor de las 02:00, cuando se reportaron dos explosiones seguidas de m\u00faltiples disparos al interior del centro penitenciario. Seg\u00fan informaci\u00f3n preliminar, la ri\u00f1a se produjo entre internos de dos pabellones, presuntamente vinculados a los grupos de delincuencia organizada conocidos como Los Choneros y Los Lobos.<\/p>\n<p>La Polic\u00eda Nacional confirm\u00f3 que un guardia penitenciario falleci\u00f3 tras recibir disparos, mientras otro result\u00f3 herido. Adem\u00e1s, los reclusos habr\u00edan secuestrado a varios agentes, despoj\u00e1ndolos de sus armas y at\u00e1ndolos de pies y manos.<\/p>\n<p>Al ingresar a los pabellones, los uniformados constataron la presencia de 14 cuerpos sin vida. Tambi\u00e9n se report\u00f3 la fuga de un n\u00famero a\u00fan indeterminado de privados de libertad, situaci\u00f3n que se encuentra bajo investigaci\u00f3n.<\/p>\n<p>El sistema penitenciario ecuatoriano atraviesa una crisis marcada por la violencia criminal. Desde 2021, cerca de 500 internos han sido asesinados en distintas masacres carcelarias relacionadas con enfrentamientos entre bandas rivales.<\/p>\n<p>Las autoridades anunciaron que se mantienen las operaciones de control dentro y fuera de la c\u00e1rcel de Machala para recapturar a los fugados y restablecer el orden en el centro penitenciario.<\/p>\n","protected":false},"excerpt":{"rendered":"<p>Al menos 14 personas murieron y otras 14 resultaron heridas durante un enfrentamiento registrado la madrugada de este lunes 22 de septiembre en el Centro de Rehabilitaci\u00f3n Social de Machala, provincia de El Oro. El hecho violento ocurri\u00f3 alrededor de las 02:00, cuando se reportaron dos explosiones seguidas de m\u00faltiples disparos al interior del centro [&hellip;]<\/p>\n","protected":false},"author":1,"featured_media":15831,"comment_status":"open","ping_status":"open","sticky":false,"template":"","format":"standard","meta":{"footnotes":""},"categories":[12],"tags":[],"_links":{"self":[{"href":"https:\/\/infozamoraec.com\/index.php\/wp-json\/wp\/v2\/posts\/15829"}],"collection":[{"href":"https:\/\/infozamoraec.com\/index.php\/wp-json\/wp\/v2\/posts"}],"about":[{"href":"https:\/\/infozamoraec.com\/index.php\/wp-json\/wp\/v2\/types\/post"}],"author":[{"embeddable":true,"href":"https:\/\/infozamoraec.com\/index.php\/wp-json\/wp\/v2\/users\/1"}],"replies":[{"embeddable":true,"href":"https:\/\/infozamoraec.com\/index.php\/wp-json\/wp\/v2\/comments?post=15829"}],"version-history":[{"count":1,"href":"https:\/\/infozamoraec.com\/index.php\/wp-json\/wp\/v2\/posts\/15829\/revisions"}],"predecessor-version":[{"id":15832,"href":"https:\/\/infozamoraec.com\/index.php\/wp-json\/wp\/v2\/posts\/15829\/revisions\/15832"}],"wp:featuredmedia":[{"embeddable":true,"href":"https:\/\/infozamoraec.com\/index.php\/wp-json\/wp\/v2\/media\/15831"}],"wp:attachment":[{"href":"https:\/\/infozamoraec.com\/index.php\/wp-json\/wp\/v2\/media?parent=15829"}],"wp:term":[{"taxonomy":"category","embeddable":true,"href":"https:\/\/infozamoraec.com\/index.php\/wp-json\/wp\/v2\/categories?post=15829"},{"taxonomy":"post_tag","embeddable":true,"href":"https:\/\/infozamoraec.com\/index.php\/wp-json\/wp\/v2\/tags?post=15829"}],"curies":[{"name":"wp","href":"https:\/\/api.w.org\/{rel}","templated":true}]}}