{"id":15822,"date":"2025-09-23T01:28:36","date_gmt":"2025-09-23T01:28:36","guid":{"rendered":"https:\/\/infozamoraec.com\/?p=15822"},"modified":"2025-09-23T01:37:44","modified_gmt":"2025-09-23T01:37:44","slug":"24-detenidos-en-protestas-contra-el-alza-del-diesel","status":"publish","type":"post","link":"https:\/\/infozamoraec.com\/index.php\/2025\/09\/23\/24-detenidos-en-protestas-contra-el-alza-del-diesel\/","title":{"rendered":"24 detenidos en protestas contra el alza del di\u00e9sel"},"content":{"rendered":"<p data-start=\"166\" data-end=\"427\">Unas 24 personas fueron detenidas este lunes 22 de septiembre durante el paro nacional convocado por la Confederaci\u00f3n de Nacionalidades Ind\u00edgenas del Ecuador (Conaie), en rechazo al incremento del precio del di\u00e9sel, inform\u00f3 el Ministerio del Interior.<\/p>\n<p data-start=\"429\" data-end=\"767\">El titular de la cartera, John Reimberg, hab\u00eda se\u00f1alado en horas de la ma\u00f1ana que los detenidos eran 15; sin embargo, la cifra aument\u00f3 tras registrarse enfrentamientos en Otavalo, provincia de Imbabura. De acuerdo con la Polic\u00eda, un grupo de manifestantes atac\u00f3 el cuartel del cant\u00f3n, lo que dej\u00f3 dos agentes heridos y da\u00f1os materiales.<\/p>\n<p data-start=\"769\" data-end=\"1102\">Seg\u00fan Reimberg, los detenidos habr\u00edan atentado contra polic\u00edas y militares que acudieron a varios puntos de la Sierra para habilitar v\u00edas bloqueadas. En Gonz\u00e1lez Su\u00e1rez, Imbabura, las fuerzas de seguridad fueron atacadas con botellas, lanzas e incluso disparos, lo que provoc\u00f3 que un militar resultara herido de bala en una pierna.<\/p>\n<p data-start=\"1104\" data-end=\"1265\">La Conaie denunci\u00f3 en redes sociales que, durante los operativos, uniformados ingresaron violentamente a viviendas y dispararon contra la poblaci\u00f3n movilizada.<\/p>\n<p data-start=\"1267\" data-end=\"1564\">El Gobierno, por su parte, ha se\u00f1alado que la eliminaci\u00f3n del subsidio al di\u00e9sel permitir\u00e1 un ahorro de 1.100 millones de d\u00f3lares anuales, recursos que se destinar\u00e1n a programas sociales y a incentivos para peque\u00f1as y medianas empresas. El precio del gal\u00f3n de di\u00e9sel pas\u00f3 de 1,80 a 2,80 d\u00f3lares.<\/p>\n<p data-start=\"1566\" data-end=\"1847\">En contraste, el movimiento ind\u00edgena sostiene que la medida encarecer\u00e1 la vida de los ecuatorianos y ha pedido su derogatoria. Las protestas rememoran las movilizaciones de 2019 y 2022, cuando los gobiernos de Len\u00edn Moreno y Guillermo Lasso retrocedieron en decisiones similares.<\/p>\n<p data-start=\"1849\" data-end=\"2137\">La ministra de Gobierno, Zaida Rovira, acus\u00f3 al corre\u00edsmo de estar detr\u00e1s de las manifestaciones, mientras que el Ejecutivo del presidente Daniel Noboa ha reiterado que no negociar\u00e1 la eliminaci\u00f3n del subsidio y advirti\u00f3 que los actos de violencia y bloqueos ilegales ser\u00e1n sancionados.<\/p>\n<p data-start=\"2139\" data-end=\"2277\">La Fiscal\u00eda General del Estado tambi\u00e9n anunci\u00f3 que actuar\u00e1 con firmeza frente a posibles delitos como terrorismo y violencia organizada.<\/p>\n","protected":false},"excerpt":{"rendered":"<p>Unas 24 personas fueron detenidas este lunes 22 de septiembre durante el paro nacional convocado por la Confederaci\u00f3n de Nacionalidades Ind\u00edgenas del Ecuador (Conaie), en rechazo al incremento del precio del di\u00e9sel, inform\u00f3 el Ministerio del Interior. El titular de la cartera, John Reimberg, hab\u00eda se\u00f1alado en horas de la ma\u00f1ana que los detenidos eran [&hellip;]<\/p>\n","protected":false},"author":1,"featured_media":15823,"comment_status":"open","ping_status":"open","sticky":false,"template":"","format":"standard","meta":{"footnotes":""},"categories":[12],"tags":[],"_links":{"self":[{"href":"https:\/\/infozamoraec.com\/index.php\/wp-json\/wp\/v2\/posts\/15822"}],"collection":[{"href":"https:\/\/infozamoraec.com\/index.php\/wp-json\/wp\/v2\/posts"}],"about":[{"href":"https:\/\/infozamoraec.com\/index.php\/wp-json\/wp\/v2\/types\/post"}],"author":[{"embeddable":true,"href":"https:\/\/infozamoraec.com\/index.php\/wp-json\/wp\/v2\/users\/1"}],"replies":[{"embeddable":true,"href":"https:\/\/infozamoraec.com\/index.php\/wp-json\/wp\/v2\/comments?post=15822"}],"version-history":[{"count":2,"href":"https:\/\/infozamoraec.com\/index.php\/wp-json\/wp\/v2\/posts\/15822\/revisions"}],"predecessor-version":[{"id":15833,"href":"https:\/\/infozamoraec.com\/index.php\/wp-json\/wp\/v2\/posts\/15822\/revisions\/15833"}],"wp:featuredmedia":[{"embeddable":true,"href":"https:\/\/infozamoraec.com\/index.php\/wp-json\/wp\/v2\/media\/15823"}],"wp:attachment":[{"href":"https:\/\/infozamoraec.com\/index.php\/wp-json\/wp\/v2\/media?parent=15822"}],"wp:term":[{"taxonomy":"category","embeddable":true,"href":"https:\/\/infozamoraec.com\/index.php\/wp-json\/wp\/v2\/categories?post=15822"},{"taxonomy":"post_tag","embeddable":true,"href":"https:\/\/infozamoraec.com\/index.php\/wp-json\/wp\/v2\/tags?post=15822"}],"curies":[{"name":"wp","href":"https:\/\/api.w.org\/{rel}","templated":true}]}}