{"id":15819,"date":"2025-09-23T01:23:12","date_gmt":"2025-09-23T01:23:12","guid":{"rendered":"https:\/\/infozamoraec.com\/?p=15819"},"modified":"2025-09-23T01:23:12","modified_gmt":"2025-09-23T01:23:12","slug":"noboa-tambien-mide-sus-fuerzas-con-la-conaie-con-marcha-de-simpatizantes-en-latacunga","status":"publish","type":"post","link":"https:\/\/infozamoraec.com\/index.php\/2025\/09\/23\/noboa-tambien-mide-sus-fuerzas-con-la-conaie-con-marcha-de-simpatizantes-en-latacunga\/","title":{"rendered":"Noboa tambi\u00e9n mide sus fuerzas con la Conaie con marcha de simpatizantes en Latacunga"},"content":{"rendered":"<p>La concentraci\u00f3n a favor del Gobierno, empez\u00f3 en el sur de Latacunga, en el sector del Le\u00f3n de Piedra, en la av. Unidad Nacional. La vocera del Gobierno, Carolina Jaramillo, inform\u00f3 que no estaba previsto que Noboa se uniera a la marcha.<\/p>\n<p>Quien s\u00ed se uni\u00f3 a los simp\u00e1tizantes fue la ministra de Gobierno, Zaida Rovira y otros ministros de Estado. La funcionaria, a trav\u00e9s de la cuenta de X de la Cartera de Estado, advirti\u00f3:<\/p>\n<p>\u201cEste Gobierno est\u00e1 abierto al di\u00e1logo, escuchando a todos los sectores. Pero no confundamos la voluntad de construir acuerdos con los intentos de quienes buscan desestabilizar al pa\u00eds. Nuestra responsabilidad es con el Ecuador y su estabilidad\u201d.<\/p>\n<p>Esta convocatoria fue mal vista por l\u00edderes \u00edndigenas locales como Lourdes Tib\u00e1n, prefecta de Cotopaxi y Apawki Castro, coordinador del movimiento Pachakutik. Tib\u00e1n se quej\u00f3 de no poder llegar al centro de la ciudad para poder trabajar en la prefectura, mientras Castro, frente a los medios dijo que era \u00abuna provocaci\u00f3n\u00bb. \u00abLa lucha debe ser entre ricos y pobres, no entre los pobres y los empleados p\u00fablicos que tiene el Gobierno\u00bb, sentenci\u00f3.<\/p>\n<p>La marcha en respaldo al Presidente as\u00ed como la convocatoria al paro nacional se dieron luego de la eliminaci\u00f3n del subsidio al di\u00e9sel. (I)<\/p>\n","protected":false},"excerpt":{"rendered":"<p>La concentraci\u00f3n a favor del Gobierno, empez\u00f3 en el sur de Latacunga, en el sector del Le\u00f3n de Piedra, en la av. Unidad Nacional. La vocera del Gobierno, Carolina Jaramillo, inform\u00f3 que no estaba previsto que Noboa se uniera a la marcha. Quien s\u00ed se uni\u00f3 a los simp\u00e1tizantes fue la ministra de Gobierno, Zaida [&hellip;]<\/p>\n","protected":false},"author":1,"featured_media":15820,"comment_status":"open","ping_status":"open","sticky":false,"template":"","format":"standard","meta":{"footnotes":""},"categories":[12],"tags":[],"_links":{"self":[{"href":"https:\/\/infozamoraec.com\/index.php\/wp-json\/wp\/v2\/posts\/15819"}],"collection":[{"href":"https:\/\/infozamoraec.com\/index.php\/wp-json\/wp\/v2\/posts"}],"about":[{"href":"https:\/\/infozamoraec.com\/index.php\/wp-json\/wp\/v2\/types\/post"}],"author":[{"embeddable":true,"href":"https:\/\/infozamoraec.com\/index.php\/wp-json\/wp\/v2\/users\/1"}],"replies":[{"embeddable":true,"href":"https:\/\/infozamoraec.com\/index.php\/wp-json\/wp\/v2\/comments?post=15819"}],"version-history":[{"count":1,"href":"https:\/\/infozamoraec.com\/index.php\/wp-json\/wp\/v2\/posts\/15819\/revisions"}],"predecessor-version":[{"id":15821,"href":"https:\/\/infozamoraec.com\/index.php\/wp-json\/wp\/v2\/posts\/15819\/revisions\/15821"}],"wp:featuredmedia":[{"embeddable":true,"href":"https:\/\/infozamoraec.com\/index.php\/wp-json\/wp\/v2\/media\/15820"}],"wp:attachment":[{"href":"https:\/\/infozamoraec.com\/index.php\/wp-json\/wp\/v2\/media?parent=15819"}],"wp:term":[{"taxonomy":"category","embeddable":true,"href":"https:\/\/infozamoraec.com\/index.php\/wp-json\/wp\/v2\/categories?post=15819"},{"taxonomy":"post_tag","embeddable":true,"href":"https:\/\/infozamoraec.com\/index.php\/wp-json\/wp\/v2\/tags?post=15819"}],"curies":[{"name":"wp","href":"https:\/\/api.w.org\/{rel}","templated":true}]}}