{"id":15816,"date":"2025-09-23T01:20:12","date_gmt":"2025-09-23T01:20:12","guid":{"rendered":"https:\/\/infozamoraec.com\/?p=15816"},"modified":"2025-09-23T01:20:12","modified_gmt":"2025-09-23T01:20:12","slug":"yunda-es-declarado-inocente-en-el-caso-pruebas-pcr","status":"publish","type":"post","link":"https:\/\/infozamoraec.com\/index.php\/2025\/09\/23\/yunda-es-declarado-inocente-en-el-caso-pruebas-pcr\/","title":{"rendered":"Yunda es declarado inocente en el caso pruebas PCR"},"content":{"rendered":"<p>Un a\u00f1o y cinco meses fue el tiempo que dur\u00f3 el juicio por peculado contra Jorge Yunda y 13 personas m\u00e1s, los jueces Jos\u00e9 Miguel Jim\u00e9nez Alvarez (Ponente); Diana Gisela Fern\u00e1ndez Le\u00f3n y Lady Ruth \u00c1vila Freire dieron su resoluci\u00f3n.<\/p>\n<p>El Tribunal de la Corte Provincial de Pichincha ratific\u00f3 la inocencia del excalde de Quito Jorge Yunda y los otros 13 procesados en el caso sobre la compra de pruebas PCR durante la pandemia Covid-19, por parte del Municipio de Quito.<\/p>\n<p>As\u00ed, pasadas las 09:00, los jueces de la Corte Provincial de Pichincha hicieron un resumen del caso que se abri\u00f3 tras las acusaciones de Fiscal\u00eda del delito de peculado dentro de la compra de 100.000 pruebas PCR para diagnosticar covid-19, durante la pandemia (2020), a\u00f1o en el que Yunda era alcalde de Quito.<\/p>\n<p>\u00abEn el proceso nunca se pudo comprobar sobreprecio o que las pruebas eran chimbas (\u2026) estamos confiados de que los procesos nos favorecer\u00e1n. Que sea lo que Dios y la justicia quieran en este d\u00eda\u00bb, dijo Yunda minutos antes del inicio de la audiencia.<\/p>\n<p>Seg\u00fan la sentencia del Tribunal Provincial, no se demostr\u00f3 \u00aba ciencia cierta\u00bb que las pruebas RT-LAMP sean diferentes a las de PCR. Por lo que la Corte Provincial hizo un llamado a la Fiscal\u00eda a implementar \u00abinvestigaciones serias\u00bb.<\/p>\n<p>La Fiscal\u00eda General del Estado (FGE) vincul\u00f3 al alcalde de Quito, Jorge Homero Yunda Machado como presunto autor mediato, y a otras seis personas como presuntos coautores a la instrucci\u00f3n fiscal abierta por peculado en la compra irregular de 100.000 pruebas PCR para la detecci\u00f3n de Covid-19.<\/p>\n<p>Los procesados caso Pruebas PCR Quito fueron:<\/p>\n<p>1. Jorge Homero Yunda Machado.<br \/>\n2. Andrade Veintimilla Erik Romey.<br \/>\n3. Rubio Valverde Marco Antonio.<br \/>\n4. Mantilla Colamarco Lenin Boroshilov.<br \/>\n5. Morales Enr\u00edquez Jos\u00e9 Hern\u00e1n.<br \/>\n6. Manzano Rivera Iv\u00e1n Augusto.<br \/>\n7. Vinelli Ayala Juan Alejandro.<br \/>\n8. Salazar Mart\u00ednez Diego Fernando.<br \/>\n9. Buchelli Figueroa Enrique Jos\u00e9.<br \/>\n10. Valencia Vargas Sim\u00f3n Narcilo.<br \/>\n11. C\u00e1rdenas Vaca Jessica Paola.<br \/>\n12. Hidalgo Freire Daisy Sandra.<br \/>\n13. Guam\u00e1n Bautista Linda Priscila.<br \/>\n14. Abarca Dur\u00e1n Ximena Guadalupe.<\/p>\n<p>Yunda no culmin\u00f3 su per\u00edodo ya que fue obligado a usar grillete electr\u00f3nico por lo que fue destituido por el Concejo Metrpolitano. Su censura fue impulsada por Luz Elena Coloma y Bernardo Abad (CREO) y por el \u00fanico concejal de Yunda, Santiago Guarderas quien fue electo como vicealcalde y tom\u00f3 el sill\u00f3n municipal tras la salida de Yunda por los dos a\u00f1os restantes de su gesti\u00f3n. (I)<\/p>\n","protected":false},"excerpt":{"rendered":"<p>Un a\u00f1o y cinco meses fue el tiempo que dur\u00f3 el juicio por peculado contra Jorge Yunda y 13 personas m\u00e1s, los jueces Jos\u00e9 Miguel Jim\u00e9nez Alvarez (Ponente); Diana Gisela Fern\u00e1ndez Le\u00f3n y Lady Ruth \u00c1vila Freire dieron su resoluci\u00f3n. El Tribunal de la Corte Provincial de Pichincha ratific\u00f3 la inocencia del excalde de Quito [&hellip;]<\/p>\n","protected":false},"author":1,"featured_media":15817,"comment_status":"open","ping_status":"open","sticky":false,"template":"","format":"standard","meta":{"footnotes":""},"categories":[12],"tags":[],"_links":{"self":[{"href":"https:\/\/infozamoraec.com\/index.php\/wp-json\/wp\/v2\/posts\/15816"}],"collection":[{"href":"https:\/\/infozamoraec.com\/index.php\/wp-json\/wp\/v2\/posts"}],"about":[{"href":"https:\/\/infozamoraec.com\/index.php\/wp-json\/wp\/v2\/types\/post"}],"author":[{"embeddable":true,"href":"https:\/\/infozamoraec.com\/index.php\/wp-json\/wp\/v2\/users\/1"}],"replies":[{"embeddable":true,"href":"https:\/\/infozamoraec.com\/index.php\/wp-json\/wp\/v2\/comments?post=15816"}],"version-history":[{"count":1,"href":"https:\/\/infozamoraec.com\/index.php\/wp-json\/wp\/v2\/posts\/15816\/revisions"}],"predecessor-version":[{"id":15818,"href":"https:\/\/infozamoraec.com\/index.php\/wp-json\/wp\/v2\/posts\/15816\/revisions\/15818"}],"wp:featuredmedia":[{"embeddable":true,"href":"https:\/\/infozamoraec.com\/index.php\/wp-json\/wp\/v2\/media\/15817"}],"wp:attachment":[{"href":"https:\/\/infozamoraec.com\/index.php\/wp-json\/wp\/v2\/media?parent=15816"}],"wp:term":[{"taxonomy":"category","embeddable":true,"href":"https:\/\/infozamoraec.com\/index.php\/wp-json\/wp\/v2\/categories?post=15816"},{"taxonomy":"post_tag","embeddable":true,"href":"https:\/\/infozamoraec.com\/index.php\/wp-json\/wp\/v2\/tags?post=15816"}],"curies":[{"name":"wp","href":"https:\/\/api.w.org\/{rel}","templated":true}]}}