{"id":15795,"date":"2025-09-20T02:58:16","date_gmt":"2025-09-20T02:58:16","guid":{"rendered":"https:\/\/infozamoraec.com\/?p=15795"},"modified":"2025-09-20T02:58:16","modified_gmt":"2025-09-20T02:58:16","slug":"frente-a-la-onu-petro-pedira-la-creacion-de-una-fuerza-armada-de-paz-para-detener-la-guerra-en-gaza","status":"publish","type":"post","link":"https:\/\/infozamoraec.com\/index.php\/2025\/09\/20\/frente-a-la-onu-petro-pedira-la-creacion-de-una-fuerza-armada-de-paz-para-detener-la-guerra-en-gaza\/","title":{"rendered":"Frente a la ONU, Petro pedir\u00e1 la creaci\u00f3n de una \u00abfuerza armada de paz\u00bb para detener la guerra en Gaza"},"content":{"rendered":"<p>El presidente de Colombia, Gustavo Petro, llevar\u00e1 la pr\u00f3xima semana a la Asamblea General de la ONU un mensaje de \u00abesperanza y paz\u00bb y pedir\u00e1 la creaci\u00f3n de una \u00abfuerza armada de paz\u00bb para detener la guerra en Gaza, afirm\u00f3 la canciller Rosa Villavicencio en una entrevista con EFE.<\/p>\n<p>\u00abEl mundo necesita escuchar un mensaje de esperanza. La lucha por la paz mundial va a ser uno de los ejes del trabajo (\u2026) tambi\u00e9n para acabar con el genocidio en Gaza\u00bb, dijo Villavicencio, quien viajar\u00e1 a Nueva York este s\u00e1bado.<\/p>\n<p>Petro llegar\u00e1 el domingo para participar en las sesiones de alto nivel que comenzar\u00e1n el 23 de septiembre, d\u00eda en que est\u00e1 previsto que pronuncie su discurso ante la ONU.<\/p>\n<p>La canciller explic\u00f3 que el gobernante propondr\u00e1 una \u00abfuerza armada de paz\u00bb con componente militar, pensada para resolver conflictos enquistados y, sobre todo, \u00abdetener la barbarie\u00bb contra los palestinos.<\/p>\n<p>El Gobierno de Petro rompi\u00f3 relaciones diplom\u00e1ticas con Israel el a\u00f1o pasado en rechazo a la ofensiva militar en Gaza que, seg\u00fan las autoridades de la Franja, ha matado desde octubre de 2023 a m\u00e1s de 65.000 palestinos, en su mayor\u00eda mujeres, ni\u00f1os y ancianos.<\/p>\n<p>El mandatario izquierdista ha sido uno de los principales cr\u00edticos latinoamericanos de esa guerra y ha respaldado las demandas contra el primer ministro israel\u00ed, Benjam\u00edn Netanyahu, por cr\u00edmenes de guerra ante la Corte Penal Internacional (CPI).<\/p>\n<p>Viaje a Nueva York<br \/>\nVillavicencio se\u00f1al\u00f3 que la delegaci\u00f3n colombiana en Nueva York asistir\u00e1 tambi\u00e9n a una \u00abgran reuni\u00f3n\u00bb de la Alianza de Civilizaciones de las Naciones Unidas el 26 de septiembre para \u00abreafirmar estos postulados que necesita la humanidad para lograr mantener la paz mundial\u00bb.<\/p>\n<p>No est\u00e1n previstas reuniones con representantes del Gobierno de Estados Unidos, pero s\u00ed con congresistas dem\u00f3cratas y con el candidato dem\u00f3crata a la Alcald\u00eda de Nueva York, Zohran Mamdani.<\/p>\n<p>El equipo tambi\u00e9n participar\u00e1 en un homenaje al expresidente uruguayo Pepe Mujica, fallecido en mayo, y en encuentros de la Comunidad de Estados Latinoamericanos y Caribe\u00f1os (Celac) para impulsar la integraci\u00f3n social y econ\u00f3mica, y la defensa de la Amazon\u00eda, dijo la canciller.<\/p>\n<p>\u00abEsa tambi\u00e9n es una oportunidad para hablar sobre la importancia de la diversificaci\u00f3n de las econom\u00edas y de apoyarnos mutuamente en el espacio econ\u00f3mico para reducir las dependencias que pueden existir respecto de grandes bloques\u00bb, subray\u00f3.<\/p>\n","protected":false},"excerpt":{"rendered":"<p>El presidente de Colombia, Gustavo Petro, llevar\u00e1 la pr\u00f3xima semana a la Asamblea General de la ONU un mensaje de \u00abesperanza y paz\u00bb y pedir\u00e1 la creaci\u00f3n de una \u00abfuerza armada de paz\u00bb para detener la guerra en Gaza, afirm\u00f3 la canciller Rosa Villavicencio en una entrevista con EFE. \u00abEl mundo necesita escuchar un mensaje [&hellip;]<\/p>\n","protected":false},"author":1,"featured_media":15796,"comment_status":"open","ping_status":"open","sticky":false,"template":"","format":"standard","meta":{"footnotes":""},"categories":[8],"tags":[],"_links":{"self":[{"href":"https:\/\/infozamoraec.com\/index.php\/wp-json\/wp\/v2\/posts\/15795"}],"collection":[{"href":"https:\/\/infozamoraec.com\/index.php\/wp-json\/wp\/v2\/posts"}],"about":[{"href":"https:\/\/infozamoraec.com\/index.php\/wp-json\/wp\/v2\/types\/post"}],"author":[{"embeddable":true,"href":"https:\/\/infozamoraec.com\/index.php\/wp-json\/wp\/v2\/users\/1"}],"replies":[{"embeddable":true,"href":"https:\/\/infozamoraec.com\/index.php\/wp-json\/wp\/v2\/comments?post=15795"}],"version-history":[{"count":1,"href":"https:\/\/infozamoraec.com\/index.php\/wp-json\/wp\/v2\/posts\/15795\/revisions"}],"predecessor-version":[{"id":15797,"href":"https:\/\/infozamoraec.com\/index.php\/wp-json\/wp\/v2\/posts\/15795\/revisions\/15797"}],"wp:featuredmedia":[{"embeddable":true,"href":"https:\/\/infozamoraec.com\/index.php\/wp-json\/wp\/v2\/media\/15796"}],"wp:attachment":[{"href":"https:\/\/infozamoraec.com\/index.php\/wp-json\/wp\/v2\/media?parent=15795"}],"wp:term":[{"taxonomy":"category","embeddable":true,"href":"https:\/\/infozamoraec.com\/index.php\/wp-json\/wp\/v2\/categories?post=15795"},{"taxonomy":"post_tag","embeddable":true,"href":"https:\/\/infozamoraec.com\/index.php\/wp-json\/wp\/v2\/tags?post=15795"}],"curies":[{"name":"wp","href":"https:\/\/api.w.org\/{rel}","templated":true}]}}