{"id":15792,"date":"2025-09-20T02:54:59","date_gmt":"2025-09-20T02:54:59","guid":{"rendered":"https:\/\/infozamoraec.com\/?p=15792"},"modified":"2025-09-20T02:54:59","modified_gmt":"2025-09-20T02:54:59","slug":"peru-comprara-12-aviones-subsonicos-para-lucha-antidrogas","status":"publish","type":"post","link":"https:\/\/infozamoraec.com\/index.php\/2025\/09\/20\/peru-comprara-12-aviones-subsonicos-para-lucha-antidrogas\/","title":{"rendered":"Per\u00fa comprar\u00e1 12 aviones subs\u00f3nicos para lucha antidrogas"},"content":{"rendered":"<p>El Gobierno peruano adquirir\u00e1 en el \u00abcorto plazo\u00bb una flotilla de 12 aviones subs\u00f3nicos, con los que complementar\u00e1 \u00abla hist\u00f3rica compra\u00bb de 24 aviones caza destinados a recuperar las capacidades de combate de la Fuerza A\u00e9rea del\u00a0<a class=\"internal-link\" href=\"https:\/\/www.dw.com\/es\/per%C3%BA\/t-17409849\" target=\"_blank\" rel=\"noopener\">Per\u00fa<\/a>\u00a0(FAP), cuya licitaci\u00f3n ser\u00e1 anunciada en octubre pr\u00f3ximo, informaron este viernes (19.09.2025) medios locales.<\/p>\n<p>El ministro de Defensa, Walter Astudillo, se\u00f1al\u00f3 que la compra de los aviones subs\u00f3nicos ya fue aprobada por el Ejecutivo y estos ser\u00e1n destinados al control del espacio a\u00e9reo nacional, para la lucha contra el narcotr\u00e1fico y la miner\u00eda ilegal.<\/p>\n<p>\u00abEs el momento de que, como Estado, hagamos un control efectivo de nuestro espacio a\u00e9reo. Para ello requerimos capacidades, y ya hemos iniciado el tr\u00e1mite correspondiente para la adquisici\u00f3n de estos 12 aviones subs\u00f3nicos\u00bb, indic\u00f3 ante la Comisi\u00f3n de Defensa del Congreso.<\/p>\n<p>El ministro tambi\u00e9n dijo que, al menos, dos de estas nuevas aeronaves estar\u00e1n en el pa\u00eds antes del 28 de julio del pr\u00f3ximo a\u00f1o, cuando culminar\u00e1 el Gobierno de la presidenta\u00a0<a class=\"internal-link\" href=\"https:\/\/www.dw.com\/es\/boluarte-dina\/t-64082963\" target=\"_blank\" rel=\"noopener\">Dina Boluarte<\/a>.<\/p>\n<p>Astudillo inform\u00f3, adem\u00e1s, que en octubre pr\u00f3ximo se anunciar\u00e1 a la empresa ganadora de la licitaci\u00f3n para la compra de nuevos aviones de combate para la FAP.<\/p>\n<h2>Aviones de EE.UU., Francia o Suecia<\/h2>\n<p>Per\u00fa ya ha aprobado destinar 3.500 millones de d\u00f3lares para la adquisici\u00f3n de 24 aviones de combate, que se planea que reemplacen a los Mirage 2000 franceses que llegaron a inicios de los a\u00f1os 80 y los MIG-29 rusos comprados a fines de los a\u00f1os 90.<\/p>\n<p>Entre los aviones que compiten en la licitaci\u00f3n para ser adquiridos por Per\u00fa figuran los F-16 estadounidenses, los Rafale franceses y los Saab Gripen suecos, seg\u00fan medios especializados.<\/p>\n<p>En ese sentido, la prensa local inform\u00f3 esta semana que la Agencia de Cooperaci\u00f3n para la Seguridad de la Defensa, adscrita al Departamento de Defensa de Estados Unidos, ya se\u00f1al\u00f3 que se ha aprobado una posible venta de aviones F-16 Block 70 a Per\u00fa.<\/p>\n<p>En su presentaci\u00f3n ante el Congreso, Astudillo agreg\u00f3 que, adem\u00e1s de los aviones, \u00abresulta fundamental\u00bb incrementar la flota de helic\u00f3pteros y mejorar la infraestructura de las pistas de aterrizaje en diversas localidades del pa\u00eds.<\/p>\n<p>El ministro record\u00f3 que Per\u00fa posee m\u00e1s de 7.000 kil\u00f3metros de frontera terrestre, cuyo control representa \u00abun desaf\u00edo complejo\u00bb, por lo que las Fuerzas Armadas \u00abcumplen con su funci\u00f3n constitucional de garantizar la independencia, la soberan\u00eda y la integridad territorial\u00bb.<\/p>\n<p>mg (efe, El Comercio)<\/p>\n","protected":false},"excerpt":{"rendered":"<p>El Gobierno peruano adquirir\u00e1 en el \u00abcorto plazo\u00bb una flotilla de 12 aviones subs\u00f3nicos, con los que complementar\u00e1 \u00abla hist\u00f3rica compra\u00bb de 24 aviones caza destinados a recuperar las capacidades de combate de la Fuerza A\u00e9rea del\u00a0Per\u00fa\u00a0(FAP), cuya licitaci\u00f3n ser\u00e1 anunciada en octubre pr\u00f3ximo, informaron este viernes (19.09.2025) medios locales. El ministro de Defensa, Walter [&hellip;]<\/p>\n","protected":false},"author":1,"featured_media":15793,"comment_status":"open","ping_status":"open","sticky":false,"template":"","format":"standard","meta":{"footnotes":""},"categories":[8],"tags":[],"_links":{"self":[{"href":"https:\/\/infozamoraec.com\/index.php\/wp-json\/wp\/v2\/posts\/15792"}],"collection":[{"href":"https:\/\/infozamoraec.com\/index.php\/wp-json\/wp\/v2\/posts"}],"about":[{"href":"https:\/\/infozamoraec.com\/index.php\/wp-json\/wp\/v2\/types\/post"}],"author":[{"embeddable":true,"href":"https:\/\/infozamoraec.com\/index.php\/wp-json\/wp\/v2\/users\/1"}],"replies":[{"embeddable":true,"href":"https:\/\/infozamoraec.com\/index.php\/wp-json\/wp\/v2\/comments?post=15792"}],"version-history":[{"count":1,"href":"https:\/\/infozamoraec.com\/index.php\/wp-json\/wp\/v2\/posts\/15792\/revisions"}],"predecessor-version":[{"id":15794,"href":"https:\/\/infozamoraec.com\/index.php\/wp-json\/wp\/v2\/posts\/15792\/revisions\/15794"}],"wp:featuredmedia":[{"embeddable":true,"href":"https:\/\/infozamoraec.com\/index.php\/wp-json\/wp\/v2\/media\/15793"}],"wp:attachment":[{"href":"https:\/\/infozamoraec.com\/index.php\/wp-json\/wp\/v2\/media?parent=15792"}],"wp:term":[{"taxonomy":"category","embeddable":true,"href":"https:\/\/infozamoraec.com\/index.php\/wp-json\/wp\/v2\/categories?post=15792"},{"taxonomy":"post_tag","embeddable":true,"href":"https:\/\/infozamoraec.com\/index.php\/wp-json\/wp\/v2\/tags?post=15792"}],"curies":[{"name":"wp","href":"https:\/\/api.w.org\/{rel}","templated":true}]}}