{"id":15789,"date":"2025-09-20T02:53:08","date_gmt":"2025-09-20T02:53:08","guid":{"rendered":"https:\/\/infozamoraec.com\/?p=15789"},"modified":"2025-09-20T02:53:08","modified_gmt":"2025-09-20T02:53:08","slug":"mexico-registra-altos-indices-de-muertes-por-sarampion-en-america","status":"publish","type":"post","link":"https:\/\/infozamoraec.com\/index.php\/2025\/09\/20\/mexico-registra-altos-indices-de-muertes-por-sarampion-en-america\/","title":{"rendered":"M\u00e9xico registra altos \u00edndices de  muertes por sarampi\u00f3n en Am\u00e9rica"},"content":{"rendered":"<p><a class=\"internal-link\" href=\"https:\/\/www.dw.com\/es\/m%C3%A9xico\/t-17409380\" target=\"_blank\" rel=\"noopener\">M\u00e9xico<\/a>\u00a0encabeza la mortalidad por\u00a0<a class=\"internal-link\" href=\"https:\/\/www.dw.com\/es\/sarampi%C3%B3n\/t-42308954\" target=\"_blank\" rel=\"noopener\">sarampi\u00f3n<\/a>\u00a0en Am\u00e9rica y es el segundo pa\u00eds con m\u00e1s contagios en 2025, de acuerdo con un nuevo informe divulgado este viernes (19.09.2025) por la Organizaci\u00f3n Panamericana de la Salud (OPS).<\/p>\n<p>Hasta el 9 de septiembre, la OPS contabiliz\u00f3 4.553 casos y 19 defunciones en M\u00e9xico, solo detr\u00e1s de\u00a0<a class=\"internal-link\" href=\"https:\/\/www.dw.com\/es\/canad%C3%A1\/t-41322051\" target=\"_blank\" rel=\"noopener\">Canad\u00e1<\/a>\u00a0en n\u00famero de casos (4.849) y por delante de\u00a0<a class=\"internal-link\" href=\"https:\/\/www.dw.com\/es\/estados-unidos\/t-17411942\" target=\"_blank\" rel=\"noopener\">Estados Unidos<\/a>\u00a0(1.454).<\/p>\n<p>No obstante, cifras oficiales del Gobierno de M\u00e9xico apuntan que hasta este viernes se tienen contabilizadas 21 muertes por sarampi\u00f3n y m\u00e1s de 4.630 casos confirmados a lo largo de 23 estados.<\/p>\n<p>En total, la regi\u00f3n suma 11.313 casos y 23 muertes en 10 pa\u00edses miembros, seg\u00fan el reporte de la OPS.<\/p>\n<p>La organizaci\u00f3n detall\u00f3 que Canad\u00e1, M\u00e9xico y Estados Unidos, en Norteam\u00e9rica, concentran el 96 % de la carga regional de sarampi\u00f3n este a\u00f1o.<\/p>\n<p>Tambi\u00e9n indica casos en Bolivia (320), Brasil (28), Argentina (35), Belice (34), Paraguay (35), Per\u00fa (4) y Costa Rica (1).<\/p>\n<p>La agencia atribuye el repunte a brechas de vacunaci\u00f3n y a importaciones desde fuera y dentro de la regi\u00f3n.<\/p>\n<p>\u00abEl sarampi\u00f3n es una enfermedad prevenible gracias a la vacunaci\u00f3n, pero la baja cobertura en comunidades vulnerables est\u00e1 impulsando los brotes\u201d, afirm\u00f3 el gerente del Programa Especial de Inmunizaci\u00f3n Integral de la OPS, Daniel Salas.<\/p>\n<h2>Llaman a los pa\u00edses a fortalecer la vacunaci\u00f3n<\/h2>\n<p>\u00abFortalecer la vacunaci\u00f3n -sabiendo que la vacuna contra el sarampi\u00f3n es muy segura y efectiva- es esencial para proteger a millones en las Am\u00e9ricas\u201d, a\u00f1adi\u00f3.<\/p>\n<p>La actualizaci\u00f3n epidemiol\u00f3gica subraya que m\u00e1s del 71 % de los casos confirmados en la regi\u00f3n no estaban vacunados y que otro 18 % no ten\u00eda registro de vacunaci\u00f3n.<\/p>\n<p>Por grupos etarios, los menores de un a\u00f1o muestran las tasas de incidencia m\u00e1s altas.<\/p>\n<p>En este contexto, la OPS pide alcanzar y sostener una cobertura de al menos 95 % con dos dosis de vacuna para cortar la transmisi\u00f3n.<\/p>\n<p>La cobertura regional mejor\u00f3 ligeramente en 2024 (89 % para la primera dosis SRP1 y 79 % para la segunda, SRP2), pero solo un 31 % y un 20 % de los pa\u00edses superaron el umbral del 95 %, respectivamente.<\/p>\n<p>La OPS recomend\u00f3, adem\u00e1s, vacunar de inmediato a contactos de casos hasta los 39 a\u00f1os, as\u00ed como administrar vitamina A a los casos confirmados para reducir complicaciones.<\/p>\n<p>Tambi\u00e9n pidi\u00f3 fortalecer la vigilancia en zonas fronterizas y vacunar a viajeros internacionales sin historial vacunal al menos diez d\u00edas antes de visitar \u00e1reas con transmisi\u00f3n activa.<\/p>\n<p>mg (efe, OPS)<\/p>\n","protected":false},"excerpt":{"rendered":"<p>M\u00e9xico\u00a0encabeza la mortalidad por\u00a0sarampi\u00f3n\u00a0en Am\u00e9rica y es el segundo pa\u00eds con m\u00e1s contagios en 2025, de acuerdo con un nuevo informe divulgado este viernes (19.09.2025) por la Organizaci\u00f3n Panamericana de la Salud (OPS). Hasta el 9 de septiembre, la OPS contabiliz\u00f3 4.553 casos y 19 defunciones en M\u00e9xico, solo detr\u00e1s de\u00a0Canad\u00e1\u00a0en n\u00famero de casos (4.849) [&hellip;]<\/p>\n","protected":false},"author":1,"featured_media":15790,"comment_status":"open","ping_status":"open","sticky":false,"template":"","format":"standard","meta":{"footnotes":""},"categories":[8],"tags":[],"_links":{"self":[{"href":"https:\/\/infozamoraec.com\/index.php\/wp-json\/wp\/v2\/posts\/15789"}],"collection":[{"href":"https:\/\/infozamoraec.com\/index.php\/wp-json\/wp\/v2\/posts"}],"about":[{"href":"https:\/\/infozamoraec.com\/index.php\/wp-json\/wp\/v2\/types\/post"}],"author":[{"embeddable":true,"href":"https:\/\/infozamoraec.com\/index.php\/wp-json\/wp\/v2\/users\/1"}],"replies":[{"embeddable":true,"href":"https:\/\/infozamoraec.com\/index.php\/wp-json\/wp\/v2\/comments?post=15789"}],"version-history":[{"count":1,"href":"https:\/\/infozamoraec.com\/index.php\/wp-json\/wp\/v2\/posts\/15789\/revisions"}],"predecessor-version":[{"id":15791,"href":"https:\/\/infozamoraec.com\/index.php\/wp-json\/wp\/v2\/posts\/15789\/revisions\/15791"}],"wp:featuredmedia":[{"embeddable":true,"href":"https:\/\/infozamoraec.com\/index.php\/wp-json\/wp\/v2\/media\/15790"}],"wp:attachment":[{"href":"https:\/\/infozamoraec.com\/index.php\/wp-json\/wp\/v2\/media?parent=15789"}],"wp:term":[{"taxonomy":"category","embeddable":true,"href":"https:\/\/infozamoraec.com\/index.php\/wp-json\/wp\/v2\/categories?post=15789"},{"taxonomy":"post_tag","embeddable":true,"href":"https:\/\/infozamoraec.com\/index.php\/wp-json\/wp\/v2\/tags?post=15789"}],"curies":[{"name":"wp","href":"https:\/\/api.w.org\/{rel}","templated":true}]}}