{"id":15786,"date":"2025-09-20T02:50:43","date_gmt":"2025-09-20T02:50:43","guid":{"rendered":"https:\/\/infozamoraec.com\/?p=15786"},"modified":"2025-09-20T02:50:43","modified_gmt":"2025-09-20T02:50:43","slug":"el-correismo-presentara-demanda-contra-convocatoria-sobre-asamblea-constituyente","status":"publish","type":"post","link":"https:\/\/infozamoraec.com\/index.php\/2025\/09\/20\/el-correismo-presentara-demanda-contra-convocatoria-sobre-asamblea-constituyente\/","title":{"rendered":"El corre\u00edsmo presentar\u00e1 demanda contra convocatoria sobre Asamblea Constituyente"},"content":{"rendered":"<p>El corre\u00edsmo presentar\u00e1 una demanda de inconstitucionalidad contra la convocatoria realizada este viernes por el presidente de Ecuador, Daniel Noboa, para un refer\u00e9ndum sobre la instauraci\u00f3n de una Asamblea Constituyente, emitida por decreto sin haber solicitado antes un dictamen a favor a la Corte Constitucional, como establece la actual carta magna.<\/p>\n<p>Viviana Veloz, asamble\u00edsta corre\u00edsta de Revoluci\u00f3n Ciudadana, el partido que lidera el expresidente Rafael Correa (2007-2017), anunci\u00f3 que presentar\u00e1n una acci\u00f3n de inconstitucionalidad con medidas cautelares al decreto dictado por Noboa para celebrar el refer\u00e9ndum sobre la Constituyente sin el dictamen previo del m\u00e1ximo tribunal de garant\u00edas del pa\u00eds.<\/p>\n<p>En su lugar, el mandatario env\u00edo la pregunta directamente al Consejo Nacional Electoral (CNE) para que organice la consulta a la vez que las dem\u00e1s preguntas de reformas constitucionales que Noboa ha impulsado en los \u00faltimos meses, como la posible reinstauraci\u00f3n de bases militares extranjeras en el pa\u00eds.<\/p>\n<p>Con una Asamblea Constituyente, Noboa pretende cambiar la carta magna aprobada durante el mandato de Correa para redactar un nuevo texto que permita una mayor liberalizaci\u00f3n de la econom\u00eda y una nueva estructura estatal y judicial que permita al actual mandatario llevarla a la pr\u00e1ctica su plan de gobierno.<\/p>\n","protected":false},"excerpt":{"rendered":"<p>El corre\u00edsmo presentar\u00e1 una demanda de inconstitucionalidad contra la convocatoria realizada este viernes por el presidente de Ecuador, Daniel Noboa, para un refer\u00e9ndum sobre la instauraci\u00f3n de una Asamblea Constituyente, emitida por decreto sin haber solicitado antes un dictamen a favor a la Corte Constitucional, como establece la actual carta magna. Viviana Veloz, asamble\u00edsta corre\u00edsta [&hellip;]<\/p>\n","protected":false},"author":1,"featured_media":15787,"comment_status":"open","ping_status":"open","sticky":false,"template":"","format":"standard","meta":{"footnotes":""},"categories":[12],"tags":[],"_links":{"self":[{"href":"https:\/\/infozamoraec.com\/index.php\/wp-json\/wp\/v2\/posts\/15786"}],"collection":[{"href":"https:\/\/infozamoraec.com\/index.php\/wp-json\/wp\/v2\/posts"}],"about":[{"href":"https:\/\/infozamoraec.com\/index.php\/wp-json\/wp\/v2\/types\/post"}],"author":[{"embeddable":true,"href":"https:\/\/infozamoraec.com\/index.php\/wp-json\/wp\/v2\/users\/1"}],"replies":[{"embeddable":true,"href":"https:\/\/infozamoraec.com\/index.php\/wp-json\/wp\/v2\/comments?post=15786"}],"version-history":[{"count":1,"href":"https:\/\/infozamoraec.com\/index.php\/wp-json\/wp\/v2\/posts\/15786\/revisions"}],"predecessor-version":[{"id":15788,"href":"https:\/\/infozamoraec.com\/index.php\/wp-json\/wp\/v2\/posts\/15786\/revisions\/15788"}],"wp:featuredmedia":[{"embeddable":true,"href":"https:\/\/infozamoraec.com\/index.php\/wp-json\/wp\/v2\/media\/15787"}],"wp:attachment":[{"href":"https:\/\/infozamoraec.com\/index.php\/wp-json\/wp\/v2\/media?parent=15786"}],"wp:term":[{"taxonomy":"category","embeddable":true,"href":"https:\/\/infozamoraec.com\/index.php\/wp-json\/wp\/v2\/categories?post=15786"},{"taxonomy":"post_tag","embeddable":true,"href":"https:\/\/infozamoraec.com\/index.php\/wp-json\/wp\/v2\/tags?post=15786"}],"curies":[{"name":"wp","href":"https:\/\/api.w.org\/{rel}","templated":true}]}}