{"id":15770,"date":"2025-09-20T02:33:28","date_gmt":"2025-09-20T02:33:28","guid":{"rendered":"https:\/\/infozamoraec.com\/?p=15770"},"modified":"2025-09-20T02:37:17","modified_gmt":"2025-09-20T02:37:17","slug":"designados-los-nuevos-integrantes-del-consejo-de-la-judicatura-para-el-periodo-2025-2031","status":"publish","type":"post","link":"https:\/\/infozamoraec.com\/index.php\/2025\/09\/20\/designados-los-nuevos-integrantes-del-consejo-de-la-judicatura-para-el-periodo-2025-2031\/","title":{"rendered":"Designados los nuevos integrantes del Consejo de la Judicatura para el periodo 2025\u20132031"},"content":{"rendered":"<p data-start=\"179\" data-end=\"410\">Este viernes 19 de septiembre de 2025, el Consejo de Participaci\u00f3n Ciudadana y Control Social (CPCCS) design\u00f3 a los nuevos miembros del Pleno del Consejo de la Judicatura, quienes ejercer\u00e1n funciones durante el periodo 2025\u20132031.<\/p>\n<p data-start=\"412\" data-end=\"673\">El Pleno qued\u00f3 conformado por Mario Godoy, Magaly Ruiz, Alfredo Cuadros, Dami\u00e1n Larco y Fabi\u00e1n Fabara como vocales principales. Asimismo, fueron nombrados como suplentes Alexandra Villac\u00eds, Nicol\u00e1s Burneo, Wendy Moncayo, Mar\u00eda Gabriela Vinueza y Laura Flores.<\/p>\n<p data-start=\"675\" data-end=\"886\">La resoluci\u00f3n se adopt\u00f3 en la sesi\u00f3n extraordinaria No. 030 del CPCCS, tras un proceso que incluy\u00f3 veedur\u00eda ciudadana, impugnaciones y la presentaci\u00f3n p\u00fablica de planes de trabajo por parte de los postulantes.<\/p>\n<p data-start=\"888\" data-end=\"1233\">De acuerdo con el art\u00edculo 179 de la Constituci\u00f3n, el Consejo de la Judicatura est\u00e1 integrado por un presidente y cuatro vocales designados a partir de ternas enviadas por la Corte Nacional de Justicia, la Funci\u00f3n Ejecutiva, la Asamblea Nacional, la Fiscal\u00eda General del Estado y la Defensor\u00eda P\u00fablica. Su periodo de funciones es de seis a\u00f1os.<\/p>\n<h4 data-start=\"1235\" data-end=\"1272\">Perfiles de los nuevos vocales<\/h4>\n<ul data-start=\"1274\" data-end=\"2576\">\n<li data-start=\"1274\" data-end=\"1551\">\n<p data-start=\"1276\" data-end=\"1551\"><strong data-start=\"1276\" data-end=\"1291\">Mario Godoy<\/strong> (Presidente, delegado de la Corte Nacional de Justicia): Mag\u00edster en Derecho Administrativo y Contrataci\u00f3n P\u00fablica, con experiencia en Petroecuador, UAFE, Presidencia de la Rep\u00fablica, MIES y anteriormente presidente del Consejo de la Judicatura (2024\u20132025).<\/p>\n<\/li>\n<li data-start=\"1552\" data-end=\"1794\">\n<p data-start=\"1554\" data-end=\"1794\"><strong data-start=\"1554\" data-end=\"1570\">Dami\u00e1n Larco<\/strong> (Delegado del Ejecutivo): Economista y abogado, con formaci\u00f3n en fiscalidad internacional y sistemas de informaci\u00f3n gerencial. Fue director general del SRI y consultor en firmas internacionales de auditor\u00eda y tributaci\u00f3n.<\/p>\n<\/li>\n<li data-start=\"1795\" data-end=\"2072\">\n<p data-start=\"1797\" data-end=\"2072\"><strong data-start=\"1797\" data-end=\"1814\">Fabi\u00e1n Fabara<\/strong> (Delegado de la Asamblea Nacional): Doctor en Jurisprudencia, especialista en derecho penal y justicia ind\u00edgena. Se ha desempe\u00f1ado como juez, presidente de la Corte Provincial de Pichincha, gobernador y prefecto de Cotopaxi, as\u00ed como legislador y docente.<\/p>\n<\/li>\n<li data-start=\"2073\" data-end=\"2321\">\n<p data-start=\"2075\" data-end=\"2321\"><strong data-start=\"2075\" data-end=\"2090\">Magaly Ruiz<\/strong> (Delegada de la Fiscal\u00eda General del Estado): Mag\u00edster en Derecho Procesal y en Pol\u00edticas Anticorrupci\u00f3n. Ha ocupado cargos directivos en la Fiscal\u00eda General y la Procuradur\u00eda, con experiencia en litigio estrat\u00e9gico y mediaci\u00f3n.<\/p>\n<\/li>\n<li data-start=\"2322\" data-end=\"2576\">\n<p data-start=\"2324\" data-end=\"2576\"><strong data-start=\"2324\" data-end=\"2343\">Alfredo Cuadros<\/strong> (Delegado de la Defensor\u00eda P\u00fablica): M\u00e1ster en Propiedad Intelectual y abogado especialista en derecho civil. Ha ejercido como asesor jur\u00eddico en propiedad intelectual y fue suplente en el Comit\u00e9 de Propiedad Intelectual del IEPI.<\/p>\n<\/li>\n<\/ul>\n<p data-start=\"2578\" data-end=\"2758\">Con esta designaci\u00f3n, el Consejo de la Judicatura se renueva para un nuevo periodo de seis a\u00f1os, con el mandato de dirigir, gobernar y administrar la Funci\u00f3n Judicial en Ecuador.<\/p>\n","protected":false},"excerpt":{"rendered":"<p>Este viernes 19 de septiembre de 2025, el Consejo de Participaci\u00f3n Ciudadana y Control Social (CPCCS) design\u00f3 a los nuevos miembros del Pleno del Consejo de la Judicatura, quienes ejercer\u00e1n funciones durante el periodo 2025\u20132031. El Pleno qued\u00f3 conformado por Mario Godoy, Magaly Ruiz, Alfredo Cuadros, Dami\u00e1n Larco y Fabi\u00e1n Fabara como vocales principales. Asimismo, [&hellip;]<\/p>\n","protected":false},"author":1,"featured_media":15772,"comment_status":"open","ping_status":"open","sticky":false,"template":"","format":"standard","meta":{"footnotes":""},"categories":[12],"tags":[],"_links":{"self":[{"href":"https:\/\/infozamoraec.com\/index.php\/wp-json\/wp\/v2\/posts\/15770"}],"collection":[{"href":"https:\/\/infozamoraec.com\/index.php\/wp-json\/wp\/v2\/posts"}],"about":[{"href":"https:\/\/infozamoraec.com\/index.php\/wp-json\/wp\/v2\/types\/post"}],"author":[{"embeddable":true,"href":"https:\/\/infozamoraec.com\/index.php\/wp-json\/wp\/v2\/users\/1"}],"replies":[{"embeddable":true,"href":"https:\/\/infozamoraec.com\/index.php\/wp-json\/wp\/v2\/comments?post=15770"}],"version-history":[{"count":2,"href":"https:\/\/infozamoraec.com\/index.php\/wp-json\/wp\/v2\/posts\/15770\/revisions"}],"predecessor-version":[{"id":15775,"href":"https:\/\/infozamoraec.com\/index.php\/wp-json\/wp\/v2\/posts\/15770\/revisions\/15775"}],"wp:featuredmedia":[{"embeddable":true,"href":"https:\/\/infozamoraec.com\/index.php\/wp-json\/wp\/v2\/media\/15772"}],"wp:attachment":[{"href":"https:\/\/infozamoraec.com\/index.php\/wp-json\/wp\/v2\/media?parent=15770"}],"wp:term":[{"taxonomy":"category","embeddable":true,"href":"https:\/\/infozamoraec.com\/index.php\/wp-json\/wp\/v2\/categories?post=15770"},{"taxonomy":"post_tag","embeddable":true,"href":"https:\/\/infozamoraec.com\/index.php\/wp-json\/wp\/v2\/tags?post=15770"}],"curies":[{"name":"wp","href":"https:\/\/api.w.org\/{rel}","templated":true}]}}