{"id":15754,"date":"2025-09-18T21:45:23","date_gmt":"2025-09-18T21:45:23","guid":{"rendered":"https:\/\/infozamoraec.com\/?p=15754"},"modified":"2025-09-18T21:45:23","modified_gmt":"2025-09-18T21:45:23","slug":"israel-inicia-nueva-ofensiva-contra-hizbula-en-libano","status":"publish","type":"post","link":"https:\/\/infozamoraec.com\/index.php\/2025\/09\/18\/israel-inicia-nueva-ofensiva-contra-hizbula-en-libano\/","title":{"rendered":"Israel inicia nueva ofensiva contra Hizbul\u00e1 en L\u00edbano"},"content":{"rendered":"<p>El Ej\u00e9rcito israel\u00ed dijo este jueves que \u00abha comenzado a realizar ataques contra objetivos militares de Hizbul\u00e1\u00bb en el sur del L\u00edbano poco despu\u00e9s de pedir la evacuaci\u00f3n de tres aldeas de esta zona.<\/p>\n<p>Sin embargo, el Ej\u00e9rcito no ha dado m\u00e1s detalles por el momento sobre esos bombardeos.<\/p>\n<p>\u00abEnviamos una advertencia urgente a los residentes de los edificios marcados en rojo en los mapas adjuntos y los edificios adyacentes en las siguientes aldeas: Mais al Jabal, Kfar Tibnit y Dibbin\u00bb, dijo previamente el portavoz en \u00e1rabe del Ej\u00e9rcito, Avichay Adraee en su cuenta de X.<\/p>\n<p>Pese a que Israel y el grupo chi\u00ed acordaron un alto el fuego en L\u00edbano, que entr\u00f3 en vigor el 27 de noviembre de 2024, los ataques israel\u00edes contra el sur del pa\u00eds vecino se han seguido produciendo durante todos estos \u00faltimos meses.<\/p>\n<p>Israel suele justificar estos ataques alegando haber encontrado \u00abobjetivos o infraestructura\u00bb de la milicia libanesa. De hecho, el Ej\u00e9rcito israel\u00ed mantiene cinco posiciones ocupadas en territorio liban\u00e9s.<\/p>\n<p>Las hostilidades entre Hizbul\u00e1 e Israel empezaron tras el inicio de la ofensiva israel\u00ed en Gaza en octubre de 2023 despu\u00e9s de los ataques de Ham\u00e1s. Por entonces, el grupo chi\u00ed comenz\u00f3 a atacar Israel asegurando que lo hac\u00eda en solidaridad con el pueblo palestino.<\/p>\n<p>Cuando entr\u00f3 en vigor el alto el fuego, m\u00e1s de 3.800 personas hab\u00edan muerto en el L\u00edbano desde el 7 de octubre (la mayor\u00eda, unas 3.100, cuando Israel intensific\u00f3 sus bombardeos en septiembre de 2024), mientras que los proyectiles de Hizbul\u00e1 mataron a 78 personas en territorio israel\u00ed. EFE (I)<\/p>\n","protected":false},"excerpt":{"rendered":"<p>El Ej\u00e9rcito israel\u00ed dijo este jueves que \u00abha comenzado a realizar ataques contra objetivos militares de Hizbul\u00e1\u00bb en el sur del L\u00edbano poco despu\u00e9s de pedir la evacuaci\u00f3n de tres aldeas de esta zona. Sin embargo, el Ej\u00e9rcito no ha dado m\u00e1s detalles por el momento sobre esos bombardeos. \u00abEnviamos una advertencia urgente a los [&hellip;]<\/p>\n","protected":false},"author":1,"featured_media":15755,"comment_status":"open","ping_status":"open","sticky":false,"template":"","format":"standard","meta":{"footnotes":""},"categories":[8],"tags":[],"_links":{"self":[{"href":"https:\/\/infozamoraec.com\/index.php\/wp-json\/wp\/v2\/posts\/15754"}],"collection":[{"href":"https:\/\/infozamoraec.com\/index.php\/wp-json\/wp\/v2\/posts"}],"about":[{"href":"https:\/\/infozamoraec.com\/index.php\/wp-json\/wp\/v2\/types\/post"}],"author":[{"embeddable":true,"href":"https:\/\/infozamoraec.com\/index.php\/wp-json\/wp\/v2\/users\/1"}],"replies":[{"embeddable":true,"href":"https:\/\/infozamoraec.com\/index.php\/wp-json\/wp\/v2\/comments?post=15754"}],"version-history":[{"count":1,"href":"https:\/\/infozamoraec.com\/index.php\/wp-json\/wp\/v2\/posts\/15754\/revisions"}],"predecessor-version":[{"id":15756,"href":"https:\/\/infozamoraec.com\/index.php\/wp-json\/wp\/v2\/posts\/15754\/revisions\/15756"}],"wp:featuredmedia":[{"embeddable":true,"href":"https:\/\/infozamoraec.com\/index.php\/wp-json\/wp\/v2\/media\/15755"}],"wp:attachment":[{"href":"https:\/\/infozamoraec.com\/index.php\/wp-json\/wp\/v2\/media?parent=15754"}],"wp:term":[{"taxonomy":"category","embeddable":true,"href":"https:\/\/infozamoraec.com\/index.php\/wp-json\/wp\/v2\/categories?post=15754"},{"taxonomy":"post_tag","embeddable":true,"href":"https:\/\/infozamoraec.com\/index.php\/wp-json\/wp\/v2\/tags?post=15754"}],"curies":[{"name":"wp","href":"https:\/\/api.w.org\/{rel}","templated":true}]}}