{"id":15751,"date":"2025-09-18T21:43:03","date_gmt":"2025-09-18T21:43:03","guid":{"rendered":"https:\/\/infozamoraec.com\/?p=15751"},"modified":"2025-09-18T21:43:03","modified_gmt":"2025-09-18T21:43:03","slug":"milei-arremete-contra-la-oposicion-tras-nuevo-reves-legislativo","status":"publish","type":"post","link":"https:\/\/infozamoraec.com\/index.php\/2025\/09\/18\/milei-arremete-contra-la-oposicion-tras-nuevo-reves-legislativo\/","title":{"rendered":"Milei arremete contra la oposici\u00f3n tras nuevo rev\u00e9s legislativo"},"content":{"rendered":"<p>El Gobierno argentino de Javier Milei se defendi\u00f3 este jueves tras el rechazo de los diputados de la oposici\u00f3n a los vetos a las leyes de financiamiento universitario y de emergencia en pediatr\u00eda, y los trat\u00f3 de \u00ab\u2018kukas\u2019 (por cucarachas) disfrazados de republicanos\u00bb.<\/p>\n<p>\u201cEn el Partido del Estado ten\u00e9s a los \u2018kukas\u2019 y a los \u2018antikukas\u2019 que votan igual que los \u2018kukas\u2019 pero disfrazados de republicanos. Votar a cualquiera de las versiones del Partido del Estado es votar que tus hijos se vayan para Ezeiza. Ya lo vivimos eso. Ya sabemos c\u00f3mo termina\u00bb, escribi\u00f3 este jueves el presidente Milei en su cuenta de X tras el rechazo de los vetos por amplia mayor\u00eda.<\/p>\n<p>El t\u00e9rmino \u2018kuka\u2019 es utilizado en Argentina de modo despectivo para referirse a los partidarios del kirchnerismo, movimiento pol\u00edtico parte del peronismo que fue iniciado por los expresidentes N\u00e9stor Kirchner (2003-2007) y Cristina Fern\u00e1ndez (2007-2015).<\/p>\n<p>El vocero presidencial, Manuel Adorni, asegur\u00f3 este jueves que con la votaci\u00f3n de la oposici\u00f3n en el Congreso \u201cqued\u00f3 expuesto, una vez m\u00e1s, el modus operandi de la casta y la obsesi\u00f3n por destruir el plan econ\u00f3mico que sac\u00f3 a millones de argentinos de la pobreza\u201d, durante una conferencia de prensa.<\/p>\n<p>El funcionario precis\u00f3 que para cumplir con la ley de financiamiento universitario el Gobierno deber\u00eda suspender todos los planes sociales por tres meses, los subsidios energ\u00e9ticos por cuatro meses o aumentar el IVA del 21 % al 44 % por 45 d\u00edas.<\/p>\n","protected":false},"excerpt":{"rendered":"<p>El Gobierno argentino de Javier Milei se defendi\u00f3 este jueves tras el rechazo de los diputados de la oposici\u00f3n a los vetos a las leyes de financiamiento universitario y de emergencia en pediatr\u00eda, y los trat\u00f3 de \u00ab\u2018kukas\u2019 (por cucarachas) disfrazados de republicanos\u00bb. \u201cEn el Partido del Estado ten\u00e9s a los \u2018kukas\u2019 y a los [&hellip;]<\/p>\n","protected":false},"author":1,"featured_media":15752,"comment_status":"open","ping_status":"open","sticky":false,"template":"","format":"standard","meta":{"footnotes":""},"categories":[8],"tags":[],"_links":{"self":[{"href":"https:\/\/infozamoraec.com\/index.php\/wp-json\/wp\/v2\/posts\/15751"}],"collection":[{"href":"https:\/\/infozamoraec.com\/index.php\/wp-json\/wp\/v2\/posts"}],"about":[{"href":"https:\/\/infozamoraec.com\/index.php\/wp-json\/wp\/v2\/types\/post"}],"author":[{"embeddable":true,"href":"https:\/\/infozamoraec.com\/index.php\/wp-json\/wp\/v2\/users\/1"}],"replies":[{"embeddable":true,"href":"https:\/\/infozamoraec.com\/index.php\/wp-json\/wp\/v2\/comments?post=15751"}],"version-history":[{"count":1,"href":"https:\/\/infozamoraec.com\/index.php\/wp-json\/wp\/v2\/posts\/15751\/revisions"}],"predecessor-version":[{"id":15753,"href":"https:\/\/infozamoraec.com\/index.php\/wp-json\/wp\/v2\/posts\/15751\/revisions\/15753"}],"wp:featuredmedia":[{"embeddable":true,"href":"https:\/\/infozamoraec.com\/index.php\/wp-json\/wp\/v2\/media\/15752"}],"wp:attachment":[{"href":"https:\/\/infozamoraec.com\/index.php\/wp-json\/wp\/v2\/media?parent=15751"}],"wp:term":[{"taxonomy":"category","embeddable":true,"href":"https:\/\/infozamoraec.com\/index.php\/wp-json\/wp\/v2\/categories?post=15751"},{"taxonomy":"post_tag","embeddable":true,"href":"https:\/\/infozamoraec.com\/index.php\/wp-json\/wp\/v2\/tags?post=15751"}],"curies":[{"name":"wp","href":"https:\/\/api.w.org\/{rel}","templated":true}]}}