{"id":15748,"date":"2025-09-18T21:37:38","date_gmt":"2025-09-18T21:37:38","guid":{"rendered":"https:\/\/infozamoraec.com\/?p=15748"},"modified":"2025-09-18T21:37:38","modified_gmt":"2025-09-18T21:37:38","slug":"daniel-noboa-propone-asamblea-constituyente-en-ecuador","status":"publish","type":"post","link":"https:\/\/infozamoraec.com\/index.php\/2025\/09\/18\/daniel-noboa-propone-asamblea-constituyente-en-ecuador\/","title":{"rendered":"Daniel Noboa propone Asamblea Constituyente en Ecuador"},"content":{"rendered":"<p>El presidente de Ecuador, Daniel Noboa, plante\u00f3 este mi\u00e9rcoles (17.09.2025) incluir en el refer\u00e9ndum previsto para finales de a\u00f1o una Asamblea Constituyente que redactar\u00e1 una nueva Constituci\u00f3n.<\/p>\n<p>Lo anterior, despu\u00e9s de que la Corte Constitucional rechazara varias reformas propuestas por el mandatario al considerar que vulneraban el marco normativo de la actual carta magna, promovida por el expresidente Rafael Correa (2007-2017), durante su mandato.<\/p>\n<p>A trav\u00e9s de un mensaje publicado en redes sociales, Noboa justific\u00f3 esta iniciativa para \u00absacar al pa\u00eds del secuestro institucional\u00bb y devolver \u00abel poder al pueblo\u00bb.<\/p>\n<p>El anuncio se produce en mitad de una pugna abierta con el tribunal constitucional, quien adem\u00e1s ha suspendido preliminarmente varios art\u00edculos de pol\u00e9micas leyes impulsada por Noboa que acumulan numerosas demandas de inconstitucionalidad al denunciar que vulneran derechos fundamentales.<\/p>\n<p>El mandatario cuestion\u00f3 las decisiones del alto tribunal, al que tacha de rechazar sus preguntas por \u00abpuro activismo pol\u00edtico\u00bb.<\/p>\n","protected":false},"excerpt":{"rendered":"<p>El presidente de Ecuador, Daniel Noboa, plante\u00f3 este mi\u00e9rcoles (17.09.2025) incluir en el refer\u00e9ndum previsto para finales de a\u00f1o una Asamblea Constituyente que redactar\u00e1 una nueva Constituci\u00f3n. Lo anterior, despu\u00e9s de que la Corte Constitucional rechazara varias reformas propuestas por el mandatario al considerar que vulneraban el marco normativo de la actual carta magna, promovida [&hellip;]<\/p>\n","protected":false},"author":1,"featured_media":15749,"comment_status":"open","ping_status":"open","sticky":false,"template":"","format":"standard","meta":{"footnotes":""},"categories":[12],"tags":[],"_links":{"self":[{"href":"https:\/\/infozamoraec.com\/index.php\/wp-json\/wp\/v2\/posts\/15748"}],"collection":[{"href":"https:\/\/infozamoraec.com\/index.php\/wp-json\/wp\/v2\/posts"}],"about":[{"href":"https:\/\/infozamoraec.com\/index.php\/wp-json\/wp\/v2\/types\/post"}],"author":[{"embeddable":true,"href":"https:\/\/infozamoraec.com\/index.php\/wp-json\/wp\/v2\/users\/1"}],"replies":[{"embeddable":true,"href":"https:\/\/infozamoraec.com\/index.php\/wp-json\/wp\/v2\/comments?post=15748"}],"version-history":[{"count":1,"href":"https:\/\/infozamoraec.com\/index.php\/wp-json\/wp\/v2\/posts\/15748\/revisions"}],"predecessor-version":[{"id":15750,"href":"https:\/\/infozamoraec.com\/index.php\/wp-json\/wp\/v2\/posts\/15748\/revisions\/15750"}],"wp:featuredmedia":[{"embeddable":true,"href":"https:\/\/infozamoraec.com\/index.php\/wp-json\/wp\/v2\/media\/15749"}],"wp:attachment":[{"href":"https:\/\/infozamoraec.com\/index.php\/wp-json\/wp\/v2\/media?parent=15748"}],"wp:term":[{"taxonomy":"category","embeddable":true,"href":"https:\/\/infozamoraec.com\/index.php\/wp-json\/wp\/v2\/categories?post=15748"},{"taxonomy":"post_tag","embeddable":true,"href":"https:\/\/infozamoraec.com\/index.php\/wp-json\/wp\/v2\/tags?post=15748"}],"curies":[{"name":"wp","href":"https:\/\/api.w.org\/{rel}","templated":true}]}}