{"id":15745,"date":"2025-09-18T21:35:32","date_gmt":"2025-09-18T21:35:32","guid":{"rendered":"https:\/\/infozamoraec.com\/?p=15745"},"modified":"2025-09-18T21:35:32","modified_gmt":"2025-09-18T21:35:32","slug":"colombia-gobierno-y-clan-del-golfo-inician-dialogos-de-paz","status":"publish","type":"post","link":"https:\/\/infozamoraec.com\/index.php\/2025\/09\/18\/colombia-gobierno-y-clan-del-golfo-inician-dialogos-de-paz\/","title":{"rendered":"Colombia: Gobierno y Clan del Golfo inician di\u00e1logos de paz"},"content":{"rendered":"<p>El Gobierno colombiano y el Clan del Golfo, la mayor banda criminal del pa\u00eds sudamericano, iniciaron formalmente este jueves (18.09.2025) en Doha (Qatar) los di\u00e1logos de paz con un acuerdo que contempla una etapa inicial de \u00abconstrucci\u00f3n de confianza\u00bb y un plan piloto de sustituci\u00f3n de cultivos il\u00edcitos en cinco municipios donde opera este grupo.<\/p>\n<p>En una declaraci\u00f3n conjunta, firmada en Doha por el jefe de la delegaci\u00f3n del Gobierno en estos di\u00e1logos, \u00c1lvaro Jim\u00e9nez, y el representante del Clan del Golfo, Luis Armando P\u00e9rez, se definieron acciones dentro de lo que llamaron el \u00abproceso para la desmovilizaci\u00f3n y construcci\u00f3n de paz\u00bb. Estas acciones buscan \u00abdesarrollar la etapa de consolidaci\u00f3n de confianza\u00bb e implementar un programa \u00abde pedagog\u00eda para la sustituci\u00f3n total de los cultivos de uso il\u00edcito, considerando la participaci\u00f3n voluntaria, la asistencia t\u00e9cnica y medios de vida alternativos\u00bb.<\/p>\n<p>El plan se aplicar\u00e1 en los municipios de Mutat\u00e1, ubicado en el departamento de Antioquia (noroeste), y de Acand\u00ed, Bel\u00e9n de Bajir\u00e1, Riosucio y Ungu\u00eda, todos en el departamento del Choc\u00f3, fronterizo con Panam\u00e1. En estas zonas tiene fuerte presencia el Clan del Golfo, tambi\u00e9n conocido como Ej\u00e9rcito Gaitanista de Colombia (EGC) y heredero de las paramilitares Autodefensas Unidas de Colombia (AUC).<\/p>\n<p>Compromisos mutuos<br \/>\nEn la declaraci\u00f3n firmada este jueves en Doha y difundida por la Consejer\u00eda Comisionada de Paz, el grupo armado se compromete a respetar los derechos de los ni\u00f1os, ni\u00f1as y adolescentes, considerados \u00abel primer piso para la construcci\u00f3n de paz\u00bb. Tambi\u00e9n a garantizar el cumplimiento del Derecho Internacional Humanitario (DIH) y a no interferir en el desarrollo de las elecciones que Colombia celebrar\u00e1 en 2026.<\/p>\n<p>Por su parte, el Gobierno colombiano \u00abtoma nota\u00bb de que el Clan del Golfo \u00abrechaza ser categorizado como grupo paramilitar o neo-paramilitar\u00bb y se\u00f1ala que, a trav\u00e9s de la Canciller\u00eda, conviene solicitar al Consejo de Seguridad de la Naciones Unidas \u00abacompa\u00f1ar este proceso\u00bb.<\/p>\n<p>Finalmente, ambas partes piden al Gobierno de Qatar, a la Misi\u00f3n de Apoyo del Proceso de Paz de la Organizaci\u00f3n de Estados Americanos (OEA) y al a Conferencia Episcopal de Colombia \u00abrealizar el seguimiento, monitoreo y verificaci\u00f3n de lo acordado\u00bb.<\/p>\n<p>(efe, afp\/mn)<\/p>\n<p>&nbsp;<\/p>\n","protected":false},"excerpt":{"rendered":"<p>El Gobierno colombiano y el Clan del Golfo, la mayor banda criminal del pa\u00eds sudamericano, iniciaron formalmente este jueves (18.09.2025) en Doha (Qatar) los di\u00e1logos de paz con un acuerdo que contempla una etapa inicial de \u00abconstrucci\u00f3n de confianza\u00bb y un plan piloto de sustituci\u00f3n de cultivos il\u00edcitos en cinco municipios donde opera este grupo. [&hellip;]<\/p>\n","protected":false},"author":1,"featured_media":15746,"comment_status":"open","ping_status":"open","sticky":false,"template":"","format":"standard","meta":{"footnotes":""},"categories":[8],"tags":[],"_links":{"self":[{"href":"https:\/\/infozamoraec.com\/index.php\/wp-json\/wp\/v2\/posts\/15745"}],"collection":[{"href":"https:\/\/infozamoraec.com\/index.php\/wp-json\/wp\/v2\/posts"}],"about":[{"href":"https:\/\/infozamoraec.com\/index.php\/wp-json\/wp\/v2\/types\/post"}],"author":[{"embeddable":true,"href":"https:\/\/infozamoraec.com\/index.php\/wp-json\/wp\/v2\/users\/1"}],"replies":[{"embeddable":true,"href":"https:\/\/infozamoraec.com\/index.php\/wp-json\/wp\/v2\/comments?post=15745"}],"version-history":[{"count":1,"href":"https:\/\/infozamoraec.com\/index.php\/wp-json\/wp\/v2\/posts\/15745\/revisions"}],"predecessor-version":[{"id":15747,"href":"https:\/\/infozamoraec.com\/index.php\/wp-json\/wp\/v2\/posts\/15745\/revisions\/15747"}],"wp:featuredmedia":[{"embeddable":true,"href":"https:\/\/infozamoraec.com\/index.php\/wp-json\/wp\/v2\/media\/15746"}],"wp:attachment":[{"href":"https:\/\/infozamoraec.com\/index.php\/wp-json\/wp\/v2\/media?parent=15745"}],"wp:term":[{"taxonomy":"category","embeddable":true,"href":"https:\/\/infozamoraec.com\/index.php\/wp-json\/wp\/v2\/categories?post=15745"},{"taxonomy":"post_tag","embeddable":true,"href":"https:\/\/infozamoraec.com\/index.php\/wp-json\/wp\/v2\/tags?post=15745"}],"curies":[{"name":"wp","href":"https:\/\/api.w.org\/{rel}","templated":true}]}}