{"id":15742,"date":"2025-09-18T21:32:43","date_gmt":"2025-09-18T21:32:43","guid":{"rendered":"https:\/\/infozamoraec.com\/?p=15742"},"modified":"2025-09-18T21:33:59","modified_gmt":"2025-09-18T21:33:59","slug":"ministro-del-interior-entrega-tres-embarcaciones-para-reforzar-la-seguridad-en-el-mar","status":"publish","type":"post","link":"https:\/\/infozamoraec.com\/index.php\/2025\/09\/18\/ministro-del-interior-entrega-tres-embarcaciones-para-reforzar-la-seguridad-en-el-mar\/","title":{"rendered":"Ministro del Interior entrega tres embarcaciones para reforzar la seguridad en el mar"},"content":{"rendered":"<p>A la lucha contra la delincuencia organizada en las costas de El Oro se suma la Polic\u00eda Nacional, con la implementaci\u00f3n de tres embarcaciones policiales en el Subcomando de Guardacostas Sur. El acto realizado la ma\u00f1ana de este mi\u00e9rcoles 17 de septiembre, estuvo encabezado por el ministro del Interior, John Reimberg, acompa\u00f1ado del comandante general de la Polic\u00eda Nacional, Pablo D\u00e1vila, y el gobernador de El Oro, Jimmy Blacio.<\/p>\n<p>Las lanchas estar\u00e1n bajo responsabilidad de los grupos t\u00e1cticos GEMA y GIR, considerados las unidades de \u00e9lite de la Polic\u00eda Nacional. Seg\u00fan explic\u00f3 Reimberg, estas operaciones forman parte de un modelo de autonom\u00eda operativa para reforzar la presencia estatal en sectores donde los hechos violentos se originan tambi\u00e9n por v\u00eda mar\u00edtima, principalmente en el Estero Huayl\u00e1.<\/p>\n<p>El ministro asegur\u00f3 que las embarcaciones permitir\u00e1n no solo patrullar las costas y frenar actividades il\u00edcitas como el narcotr\u00e1fico, sino tambi\u00e9n participar en operaciones de b\u00fasqueda y rescate en el mar, brindar asistencia en emergencias y proteger infraestructura cr\u00edtica. \u201cAqu\u00ed manda el Estado, aqu\u00ed manda la ley y aqu\u00ed manda el pueblo ecuatoriano\u201d, enfatiz\u00f3.<\/p>\n<p>El comandante general de la Polic\u00eda, Pablo D\u00e1vila, resalt\u00f3 que esta entrega fortalece el trabajo conjunto para garantizar la libre circulaci\u00f3n de bienes y personas en los puertos de la provincia. Posteriormente, las autoridades realizaron un recorrido a bordo de las lanchas para constatar su operatividad en la zona costera.<\/p>\n<p>Coordinaci\u00f3n<\/p>\n<p>con la Armada<\/p>\n<p>Durante el evento, el ministro del Interior se refiri\u00f3 a los cuestionamientos que han existido sobre la falta de coordinaci\u00f3n entre la Polic\u00eda Nacional y la Armada del Ecuador en los patrullajes mar\u00edtimos. Reimberg asegur\u00f3 que no existen conflictos y que las operaciones se realizan en estrecha coordinaci\u00f3n con el Ministerio de Defensa y el Comando Conjunto de las Fuerzas Armadas.<\/p>\n<p>\u201cEstamos dentro de las instalaciones de la Armada, donde estar\u00e1n ancladas las embarcaciones, y este es un acto de la Polic\u00eda Nacional. Lo que debe preocupar es a los criminales, no a las instituciones del Estado\u201d, afirm\u00f3 el ministro, respondiendo a inquietudes de la prensa.<\/p>\n<p>Y es que, en reiteradas ocasiones los pescadores artesanales han denunciado la falta de presencia estatal en altamar, lo que los deja expuestos a ataques de bandas criminales. Como ejemplo, el caso reciente del incendio de una embarcaci\u00f3n en altamar que dej\u00f3 v\u00edctimas mortales. El ministro dijo que estas lanchas son una pieza fundamental en la estrategia de seguridad.<\/p>\n<p>\u201cLos criminales saben que tienen los d\u00edas contados. No vamos a dar tregua. Hoy hemos venido a cumplir, con personal y log\u00edstica suficiente para enfrentar a quienes atacan a pescadores, camaroneros y gente de bien\u201d, recalc\u00f3 Reimberg.<\/p>\n<p>Garant\u00edas log\u00edsticas<\/p>\n<p>y operativas<\/p>\n<p>Uno de los problemas que tienen los pescadores, ha sido la falta de combustible para mantener los patrullajes constantes en el mar. Sobre este punto, Reimberg garantiz\u00f3 que en el caso de la Polic\u00eda Nacional todo est\u00e1 cubierto: \u201cLa operaci\u00f3n incluye mantenimiento, combustible y aceite. Todo ha sido revisado. No habr\u00e1 excusas para no patrullar\u201d, asegur\u00f3.<\/p>\n<p>El ministro precis\u00f3 que los grupos t\u00e1cticos trabajar\u00e1n las 24 horas en turnos rotativos, con el objetivo de responder a emergencias y neutralizar a las bandas delictivas que operan en la costa orense. En ese sentido, record\u00f3 que el Gobierno del presidente Daniel Noboa ha trazado como prioridad recuperar la paz en sectores estrat\u00e9gicos como Puerto Bol\u00edvar.<\/p>\n<p>El reforzamiento de la seguridad mar\u00edtima se complementar\u00e1 con acciones terrestres y a\u00e9reas, en coordinaci\u00f3n con las dem\u00e1s fuerzas estatales. \u201cEste es un trabajo en bloque de seguridad. Nadie se queda al margen. El compromiso es atacar no solo a las estructuras criminales, sino tambi\u00e9n a sus econom\u00edas il\u00edcitas\u201d, agreg\u00f3 el ministro.<\/p>\n<p>La presencia de las nuevas embarcaciones representa un respiro para los sectores productivos, especialmente el pesquero y camaronero, que han sido blanco de ataques, secuestros y extorsiones en los \u00faltimos meses.<\/p>\n<p>Al finalizar el acto protocolar, el ministro del Interior, junto al comandante general de la Polic\u00eda y el gobernador Jimmy Blacio, abord\u00f3 una de las lanchas del GIR para realizar un recorrido por las aguas frente a Puerto Bol\u00edvar. Posteriormente, se anunci\u00f3 que estas unidades tambi\u00e9n patrullar\u00e1n zonas como Bajo Alto, otro de los puntos cr\u00edticos en materia de seguridad.<\/p>\n<p>El ministro dej\u00f3 abierta la posibilidad de que se sumen m\u00e1s embarcaciones a la provincia, dependiendo de las necesidades operativas. Adem\u00e1s, anticip\u00f3 que la Infanter\u00eda de Marina tambi\u00e9n est\u00e1 en proceso de repotenciaci\u00f3n de sus lanchas, lo que permitir\u00e1 reforzar a\u00fan m\u00e1s la seguridad mar\u00edtima en el sur del pa\u00eds.<\/p>\n<p>\u201cSomos un gobierno que resuelve. Vamos a hacer lo que sea necesario para acabar con la delincuencia. Ni la violencia ni el crimen organizado nos van a detener\u201d, subray\u00f3 Reimberg, cerrando su intervenci\u00f3n.<\/p>\n<p>Con esta entrega, la provincia de El Oro suma una nueva estrategia de seguridad, que busca restar poder a las organizaciones criminales que han intentado dominar el espacio mar\u00edtimo para actividades il\u00edcitas. El reto, seg\u00fan admiti\u00f3 el propio ministro, ser\u00e1 sostener en el tiempo la log\u00edstica y la coordinaci\u00f3n interinstitucional para que el Estado recupere plenamente el control de sus costas.<\/p>\n<p>La Polic\u00eda Nacional del Ecuador reafirma su compromiso inquebrantable de velar por la seguridad ciudadana y el orden p\u00fablico en todos los espacios del territorio nacional y fortalece la presencia en zonas mar\u00edtimas. Con acciones estrat\u00e9gicas, la Instituci\u00f3n combate las econom\u00edas il\u00edcitas y protege la soberan\u00eda del pa\u00eds.<\/p>\n","protected":false},"excerpt":{"rendered":"<p>A la lucha contra la delincuencia organizada en las costas de El Oro se suma la Polic\u00eda Nacional, con la implementaci\u00f3n de tres embarcaciones policiales en el Subcomando de Guardacostas Sur. El acto realizado la ma\u00f1ana de este mi\u00e9rcoles 17 de septiembre, estuvo encabezado por el ministro del Interior, John Reimberg, acompa\u00f1ado del comandante general [&hellip;]<\/p>\n","protected":false},"author":1,"featured_media":15744,"comment_status":"open","ping_status":"open","sticky":false,"template":"","format":"standard","meta":{"footnotes":""},"categories":[12],"tags":[],"_links":{"self":[{"href":"https:\/\/infozamoraec.com\/index.php\/wp-json\/wp\/v2\/posts\/15742"}],"collection":[{"href":"https:\/\/infozamoraec.com\/index.php\/wp-json\/wp\/v2\/posts"}],"about":[{"href":"https:\/\/infozamoraec.com\/index.php\/wp-json\/wp\/v2\/types\/post"}],"author":[{"embeddable":true,"href":"https:\/\/infozamoraec.com\/index.php\/wp-json\/wp\/v2\/users\/1"}],"replies":[{"embeddable":true,"href":"https:\/\/infozamoraec.com\/index.php\/wp-json\/wp\/v2\/comments?post=15742"}],"version-history":[{"count":1,"href":"https:\/\/infozamoraec.com\/index.php\/wp-json\/wp\/v2\/posts\/15742\/revisions"}],"predecessor-version":[{"id":15743,"href":"https:\/\/infozamoraec.com\/index.php\/wp-json\/wp\/v2\/posts\/15742\/revisions\/15743"}],"wp:featuredmedia":[{"embeddable":true,"href":"https:\/\/infozamoraec.com\/index.php\/wp-json\/wp\/v2\/media\/15744"}],"wp:attachment":[{"href":"https:\/\/infozamoraec.com\/index.php\/wp-json\/wp\/v2\/media?parent=15742"}],"wp:term":[{"taxonomy":"category","embeddable":true,"href":"https:\/\/infozamoraec.com\/index.php\/wp-json\/wp\/v2\/categories?post=15742"},{"taxonomy":"post_tag","embeddable":true,"href":"https:\/\/infozamoraec.com\/index.php\/wp-json\/wp\/v2\/tags?post=15742"}],"curies":[{"name":"wp","href":"https:\/\/api.w.org\/{rel}","templated":true}]}}