{"id":15739,"date":"2025-09-18T21:29:57","date_gmt":"2025-09-18T21:29:57","guid":{"rendered":"https:\/\/infozamoraec.com\/?p=15739"},"modified":"2025-09-18T21:29:57","modified_gmt":"2025-09-18T21:29:57","slug":"devolucion-del-iva-100-millones-acreditados-y-30-millones-en-proceso","status":"publish","type":"post","link":"https:\/\/infozamoraec.com\/index.php\/2025\/09\/18\/devolucion-del-iva-100-millones-acreditados-y-30-millones-en-proceso\/","title":{"rendered":"Devoluci\u00f3n del IVA: $100 millones acreditados y $30 millones en proceso."},"content":{"rendered":"<p>Desde el 12 hasta el 16 de septiembre el Gobierno ha acreditado $ 100 millones por la devoluci\u00f3n del impuesto al valor agregado (IVA) a los grupos prioritarios y est\u00e1 en proceso de transferencia $ 30 millones m\u00e1s.<\/p>\n<p>El 12 de septiembre el r\u00e9gimen anunci\u00f3 el inicio de la devoluci\u00f3n de este impuesto tras informar que elimina el subsidio al di\u00e9sel y con eso redistribuye los recursos a los sectores y grupos que m\u00e1s lo requieren.<\/p>\n<p>\u201cCon nuestros adultos mayores cumplimos desde hoy mismo (12 de septiembre): la devoluci\u00f3n del IVA llegar\u00e1 de forma directa a 115.000 beneficiarios, con una inversi\u00f3n de $ 130 millones\u201d, indic\u00f3 el Gobierno en un comunicado.<\/p>\n<p>A las 19:43 del viernes 12 de septiembre se acreditaron valores por devoluci\u00f3n de IVA<\/p>\n<p>Y posterior a este anuncio, el SRI el mismo 12 de septiembre inform\u00f3 que los beneficiarios podr\u00e1n verificar los valores acreditados en sus cuentas durante los pr\u00f3ximos d\u00edas. Seg\u00fan jubilados, se han realizado las transferencias en algunos casos hasta abril y est\u00e1n pendientes los meses posteriores.<\/p>\n<p>De acuerdo con datos del r\u00e9gimen, al 10 de septiembre del 2025 el saldo pendiente por la devoluci\u00f3n del IVA a los adultos mayores y las personas con discapacidad era de $ 159,3 millones.<\/p>\n<p>Ahora, con corte al 12 de septiembre se acreditaron $ 50 millones a 217.486 beneficiarios de la tercera edad y a 44.685 personas con discapacidad.<\/p>\n<p>Y otros $ 50 millones fueron transferidos el 16 de septiembre a 372.094 adultos mayores.<\/p>\n<p>Mientras, los $ 30 millones restantes est\u00e1n en proceso de acreditaci\u00f3n.<\/p>\n<p>As\u00ed, el saldo pendiente por acreditar hasta el martes pasado era de $ 29,3 millones.<\/p>\n<p>En tanto que los valores pendientes de tr\u00e1mites por resolver es de $ 74,2 millones.<\/p>\n<p>Devoluci\u00f3n IVA a proyectos inmobiliarios<\/p>\n<p>Otro ofrecimiento del Gobierno al anunciar el retiro del subsidio del di\u00e9sel fue la devoluci\u00f3n del IVA a los constructores de proyectos inmobiliarios, para lo cual destin\u00f3 $ 80 millones.<\/p>\n<p>Por este concepto, en enero del 2025 acreditaron $ 10 millones por 406 tr\u00e1mites atendidos y para esta semana -al 15 de septiembre- acreditaron $ 36,2 millones por 1.426 tr\u00e1mites, sumando todo el valor del techo asignado de $ 46,2 millones transferidos.<\/p>\n<p>Y para finales del a\u00f1o estiman pagar $ 33,8 millones adicionales.<\/p>\n","protected":false},"excerpt":{"rendered":"<p>Desde el 12 hasta el 16 de septiembre el Gobierno ha acreditado $ 100 millones por la devoluci\u00f3n del impuesto al valor agregado (IVA) a los grupos prioritarios y est\u00e1 en proceso de transferencia $ 30 millones m\u00e1s. El 12 de septiembre el r\u00e9gimen anunci\u00f3 el inicio de la devoluci\u00f3n de este impuesto tras informar [&hellip;]<\/p>\n","protected":false},"author":1,"featured_media":15740,"comment_status":"open","ping_status":"open","sticky":false,"template":"","format":"standard","meta":{"footnotes":""},"categories":[12],"tags":[],"_links":{"self":[{"href":"https:\/\/infozamoraec.com\/index.php\/wp-json\/wp\/v2\/posts\/15739"}],"collection":[{"href":"https:\/\/infozamoraec.com\/index.php\/wp-json\/wp\/v2\/posts"}],"about":[{"href":"https:\/\/infozamoraec.com\/index.php\/wp-json\/wp\/v2\/types\/post"}],"author":[{"embeddable":true,"href":"https:\/\/infozamoraec.com\/index.php\/wp-json\/wp\/v2\/users\/1"}],"replies":[{"embeddable":true,"href":"https:\/\/infozamoraec.com\/index.php\/wp-json\/wp\/v2\/comments?post=15739"}],"version-history":[{"count":1,"href":"https:\/\/infozamoraec.com\/index.php\/wp-json\/wp\/v2\/posts\/15739\/revisions"}],"predecessor-version":[{"id":15741,"href":"https:\/\/infozamoraec.com\/index.php\/wp-json\/wp\/v2\/posts\/15739\/revisions\/15741"}],"wp:featuredmedia":[{"embeddable":true,"href":"https:\/\/infozamoraec.com\/index.php\/wp-json\/wp\/v2\/media\/15740"}],"wp:attachment":[{"href":"https:\/\/infozamoraec.com\/index.php\/wp-json\/wp\/v2\/media?parent=15739"}],"wp:term":[{"taxonomy":"category","embeddable":true,"href":"https:\/\/infozamoraec.com\/index.php\/wp-json\/wp\/v2\/categories?post=15739"},{"taxonomy":"post_tag","embeddable":true,"href":"https:\/\/infozamoraec.com\/index.php\/wp-json\/wp\/v2\/tags?post=15739"}],"curies":[{"name":"wp","href":"https:\/\/api.w.org\/{rel}","templated":true}]}}